{"id":939800,"date":"2020-05-06T13:45:46","date_gmt":"2020-05-06T10:45:46","guid":{"rendered":"https:\/\/www.arb.ro\/?p=939800"},"modified":"2024-01-20T12:26:19","modified_gmt":"2024-01-20T10:26:19","slug":"sergiu-oprescu-arb-bancile-vor-finanta-revenirea-economiei-dand-o-atentie-sporita-creditului-pentru-companii-ele-sunt-si-vor-fi-in-prima-linie-a-crizei-economice","status":"publish","type":"post","link":"https:\/\/www.arb.ro\/en\/sergiu-oprescu-arb-bancile-vor-finanta-revenirea-economiei-dand-o-atentie-sporita-creditului-pentru-companii-ele-sunt-si-vor-fi-in-prima-linie-a-crizei-economice\/","title":{"rendered":"Sergiu Oprescu, ARB:  B\u0103ncile vor finan\u021ba revenirea economiei, d\u00e2nd o aten\u021bie sporit\u0103 creditului pentru companii. Ele  sunt \u0219i vor fi \u00een prima linie a crizei economice - only in romanian"},"content":{"rendered":"<div data-elementor-type=\"wp-post\" data-elementor-id=\"939800\" class=\"elementor elementor-939800\" data-elementor-post-type=\"post\">\n\t\t\t\t<div class=\"elementor-element elementor-element-3aec3a6b e-flex e-con-boxed e-con e-parent\" data-id=\"3aec3a6b\" data-element_type=\"container\" data-e-type=\"container\">\n\t\t\t\t\t<div class=\"e-con-inner\">\n\t\t\t\t<div class=\"elementor-element elementor-element-4dc45e4e elementor-widget elementor-widget-text-editor\" data-id=\"4dc45e4e\" data-element_type=\"widget\" data-e-type=\"widget\" data-widget_type=\"text-editor.default\">\n\t\t\t\t<div class=\"elementor-widget-container\">\n\t\t\t\t\t\t\t\t\t<p style=\"text-align: justify;\"><span style=\"font-family: georgia, palatino, serif;\"><strong><b><span style=\"color: black;\">Interviul integral acordat Ziarului Financiar de domnul <\/span><\/b><b><span style=\"color: black;\">Sergiu Oprescu, Pre\u0219edinte Consiliul Director Asocia\u021bia Rom\u00e2n\u0103 a B\u0103ncilor &amp; Pre\u0219edinte executiv Alpha Bank Rom\u00e2nia.<\/span><\/b><\/strong><\/span><\/p><p style=\"text-align: justify;\"><span style=\"font-family: georgia, palatino, serif;\"><strong>Care sunt cele m<\/strong><strong>ai mari pr<\/strong><strong>ovoc\u0103ri pentru sistemul bancar \u00een 2020 \u0219i \u00een perspectiv\u0103, pe plan intern \u0219i interna\u021bional?<\/strong><\/span><\/p><p style=\"text-align: justify;\"><span style=\"font-family: georgia, palatino, serif;\">Trebuie s\u0103 preciz\u0103m, \u00eenc\u0103 de la \u00eenceput, c\u0103 din punct de vedere economic vom parcurge de fapt dou\u0103 etape, o prima etap\u0103 de protec\u021bie a mediului de afaceri \u0219i o a doua de revenire economic\u0103.\u00a0 Sistemul bancar este ast\u0103zi parte a solu\u021biei at\u00e2t \u00een gestionarea crizei \u00een prima faz\u0103, c\u00e2t mai ales \u00een perioada urm\u0103toare de recuperare \u0219i revenire. \u00cen criz\u0103, asigurarea de lichidit\u0103\u021bi \u0219i reducerea poverii datoriei sunt principalele obiective. \u00cen perioada de recuperare obiectivul principal va fi cel legat de asigurarea finan\u021b\u0103rii investi\u021biilor. Trebuie \u00een\u021beles c\u0103 resursele financiare sunt limitate. Noi am intrat \u00een aceast\u0103 criz\u0103 cu un spa\u021biu fiscal limitat \u0219i utilizat nepotrivit, a\u0219 spune chiar abuziv, \u00een perioada anterioar\u0103 pentru a stimula un consum excesiv. \u00a0Ca atare se poate spune c\u0103 ast\u0103zi, Rom\u00e2nia intr\u0103 cu un handicap semnificativ \u00een criz\u0103, generat de o resurs\u0103 fiscal\u0103 de absorb\u021bie a \u0219ocului destul de redus\u0103 prin compara\u021bie cu alte state din regiune care aveau chiar \u0219i excedent bugetar. Intr\u00e2nd \u00een criz\u0103 cu aceste resurse limitate principala prioritate \u0219i provocare este s\u0103 le dr\u0103muim just \u0219i s\u0103 le folosim cu o maxim\u0103 eficien\u021b\u0103, aici m\u0103 refer \u0219i la capacitatea sistemului bancar de finan\u021bare. Dac\u0103 aloc\u0103m excesiv resursele \u00eenc\u0103 din prima faza a crizei, cea legat\u0103 de reducerea temporar\u0103 a poverii datoriei, se poate \u00eent\u00e2mpla s\u0103 r\u0103m\u00e2nem f\u0103r\u0103 trac\u021biune \u00een mijlocul pantei.<\/span><\/p><p style=\"text-align: justify;\"><span style=\"font-family: georgia, palatino, serif;\"><img fetchpriority=\"high\" decoding=\"async\" class=\"alignleft wp-image-940501 size-medium\" src=\"https:\/\/new.arb.ro\/wp-content\/uploads\/foto-SO-300x200.jpg\" alt=\"\" width=\"300\" height=\"200\" srcset=\"https:\/\/www.arb.ro\/wp-content\/uploads\/foto-SO-300x200.jpg 300w, https:\/\/www.arb.ro\/wp-content\/uploads\/foto-SO-1024x683.jpg 1024w, https:\/\/www.arb.ro\/wp-content\/uploads\/foto-SO-768x512.jpg 768w, https:\/\/www.arb.ro\/wp-content\/uploads\/foto-SO-1536x1024.jpg 1536w, https:\/\/www.arb.ro\/wp-content\/uploads\/foto-SO.jpg 1600w\" sizes=\"(max-width: 300px) 100vw, 300px\" \/><\/span><\/p><p style=\"text-align: justify;\"><span style=\"font-family: georgia, palatino, serif;\"><strong>C\u00e2t de mult trebuie s\u0103 schimbe b\u0103ncile strategiile de business \u00een contextul pandemiei de coronavirus?<\/strong><\/span><\/p><p style=\"text-align: justify;\"><span style=\"font-family: georgia, palatino, serif;\">Se vor schimba multe, \u00eens\u0103 \u00a0nu trebuie s\u0103 ne am\u0103gim, business-ul b\u0103ncilor r\u0103m\u00e2ne \u00een continuare fundamental acela\u0219i \u0219i anume intermedierea financiar\u0103 \u00een condi\u021bii de eficien\u021b\u0103 a aloc\u0103rii resurselor pe acele destina\u021bii \u0219i segmente care au pe de o parte capacitatea de rambursare a creditelor angajate \u0219i pe de alt\u0103 parte contribuie semnificativ la cre\u0219terea Produsului Intern Brut, \u0219i \u00een general, a bun\u0103st\u0103rii societ\u0103\u021bii.\u00a0 Dar bine\u00een\u021beles c\u0103, \u00een contextul pandemiei de coronavirus, cum afirma un articol din The Economist, dac\u0103 sistemul de s\u0103n\u0103tate, medicii \u0219i asistentele medicale au fost \u0219i sunt \u00een prima linie \u00een criza de s\u0103n\u0103tate generat\u0103 de pandemie, se poate spune c\u0103 b\u0103ncile sunt \u0219i vor fi \u00een prima linie a crizei financiare \u0219i economice declan\u0219at\u0103 \u00een acest context. Acest lucru implic\u0103 o responsabilitate suplimentar\u0103 la nivelul b\u0103ncilor \u0219i anume aceea a aloc\u0103rii rezervei financiare existente (limitat\u0103 \u00een cazul Rom\u00e2niei) \u00een condi\u021bii de eficien\u021b\u0103 \u0219i randament superior economic. \u00cen acela\u0219i timp, nu trebuie neglijate lec\u021biile pozitive pe care sistemul bancar le-a \u00eenv\u0103\u021bat \u00een aceast\u0103 perioad\u0103 \u0219i aici putem enumera digitalizarea realizat\u0103 pe \u201eFast Forward\u201d, lucrul de acas\u0103 (sau telemunca), capacitatea de a desf\u0103\u0219ura aproape orice serviciu bancar \u00een mediul online \u0219i adoptarea rapid\u0103 \u0219i f\u0103r\u0103 riscuri opera\u021bionale mari a acestor servicii de c\u0103tre clien\u021bi, etc. Sunt convins c\u0103 o mare parte din aceste realiz\u0103ri f\u0103cute sub imperiul crizei se vor permanentiza cu impact pe cre\u0219terea productivit\u0103\u021bii \u0219i sc\u0103derea costurilor.<\/span><\/p><p style=\"text-align: justify;\"><span style=\"font-family: georgia, palatino, serif;\"><strong>Va exista volatilitate mai mare pe pia\u021ba financiar\u0103 pe pacursul anului 2020? Cum vede\u021bi evolu\u021bia dob\u00e2nzilor pe <\/strong>\u202a<strong>pia\u021ba interbancar\u0103 \u0219i a cursului de schimb leu\/euro p\u00e2n\u0103 la sf\u00e2r\u0219itul anului 2020?<\/strong><\/span><\/p><p style=\"text-align: justify;\"><span style=\"font-family: georgia, palatino, serif;\">Volatilitatea este \u00een mod evident o expresie a unei st\u0103ri de incertitudine cu privire la viitor. \u00cen condi\u021biile actuale, c\u00e2nd toate evalu\u0103rile se fac pe termen scurt, este normal s\u0103 ne a\u0219tept\u0103m la o cre\u0219tere a volatilit\u0103\u021bii pe pie\u021bele financiare locale \u0219i interna\u021bionale pentru 2020.<\/span><\/p><p style=\"text-align: justify;\"><span style=\"font-family: georgia, palatino, serif;\">VIX, care este un indice ce exprim\u0103 volatilitatea pie\u021belor de capital, calculat \u00een SUA, a \u00eenregistrat deja din a doua jum\u0103tate a lunii martie ni\u0219te cre\u0219teri substan\u021biale, de la un nivel, s\u0103 spunem, \u00eenainte de criz\u0103, de palier, p\u00e2n\u0103 la un nivel de 6-7 ori mai mare dec\u00e2t cel de dinainte de criz\u0103. Ulterior, \u00eencep\u00e2nd cu luna aprilie, VIX a \u00eenregistrat o evolu\u021bie descendent\u0103, iar acum tranzac\u021biile se situeaz\u0103 \u00een jurul unui nivel de dou\u0103 ori mai mare dec\u00e2t cel ini\u021bial. Pe de alt\u0103 parte, este clar c\u0103 r\u0103spunsul b\u0103ncilor centrale, de a mobiliza resurse financiare uria\u0219e \u00een \u021b\u0103rile dezvoltate \u0219i \u00een UE, va contribui la o posibil\u0103 tendin\u021b\u0103 de sc\u0103dere a dob\u00e2nzilor de baz\u0103 pe principalele valute. Acela\u0219i lucru este de a\u0219teptat s\u0103 se \u00eent\u00e2mple \u0219i \u00een \u021bara noastr\u0103. Nu este de altfel exclus ca dob\u00e2nda de politic\u0103 monetar\u0103 s\u0103 fie din nou redus\u0103 dac\u0103 infla\u021bia se va plasa \u00een continuare a\u0219a cum e de a\u0219teptat pe un trend descendent. Iar interven\u021biile anun\u021bate de c\u0103tre Banca Na\u021bional\u0103 a Rom\u00e2niei de cump\u0103rare de titluri de stat pe pia\u021ba secundar\u0103 ar modera \u0219i mai mult dob\u00e2nzile pe termen lung.\u00a0 Dob\u00e2nzile mai reduse pot \u00eens\u0103 duce \u0219i la deprecierea leului.<\/span><\/p><p style=\"text-align: justify;\"><span style=\"font-family: georgia, palatino, serif;\"><strong>Se mai poate relaxa politica monetar\u0103 \u00een Rom\u00e2nia p\u00e2n\u0103 la sf\u00e2r\u0219itul anului 2020? Cum? (vom mai vedea reduceri ale dob\u00e2nzii-cheie? pot fi reduse RMO la lei \u0219i valut\u0103? etc) B\u0103ncile centrale din Europa \u0219i din lume pot fi puse \u00een situa\u021bia de a adopta m\u0103suri mai neortodoxe dec\u00e2t p\u00e2n\u0103 acum (ex: \u201ebani din elicopter\u201d- finan\u021barea direct\u0103 a companiilor)?<\/strong><\/span><\/p><p style=\"text-align: justify;\"><span style=\"font-family: georgia, palatino, serif;\">Totul este posibil. \u00cen \u00eencercarea de a reduce perioada de recuperare \u0219i revenire a economiilor toate resursele disponibile vor fi folosite. \u00cen Europa nu numai politica monetar\u0103 din zona euro r\u0103m\u00e2ne neortodox\u0103, dar \u0219i politicile fiscale na\u021bionale au devenit neortodoxe. Renun\u021barea la clauzele Pactului de stabilitate \u0219i cre\u0219tere pentru prima oar\u0103 \u00een istorie (care limitau deficitul bugetar la 3% din PIB \u0219i datoria public\u0103 la 60% din PIB) arat\u0103 c\u00e2t de dificil\u0103 este perioada pe care o travers\u0103m. La noi, \u00een premier\u0103, banca central\u0103 a anun\u021bat pe 20 martie c\u0103 va cump\u0103ra titluri de stat de pe pia\u021ba secundar\u0103. Tot atunci a anun\u021bat \u0219i c\u0103 vor fi posibile reduceri ale rezervei minime obligatorii.<\/span><\/p><p style=\"text-align: justify;\"><span style=\"font-family: georgia, palatino, serif;\">Ar fi bine s\u0103 \u00een\u021belegem, at\u00e2t la nivel economic, c\u00e2t mai ales la nivel politic, c\u0103 \u00een mijlocul acestor turbulen\u021be b\u0103ncile sunt b\u0103rcile noastre de salvare. \u00cen majoritatea \u021b\u0103rilor s-a avut grij\u0103 s\u0103 aib\u0103 b\u0103rci de mari dimensiuni \u0219i cu stabilitate mare, iar \u00een altele precum \u0219i la noi, s-a umblat cu borma\u0219ina \u0219i s-au dat g\u0103uri prin toata carena prin tot felul de ini\u021biative legislative.\u00a0 Populismul trecut, precum \u0219i cel din prezent, reprezint\u0103 cel mai mare pericol pentru capacitatea b\u0103ncilor de a asista economia \u00een procesul de revenire la normal.<\/span><\/p><p style=\"text-align: justify;\"><span style=\"font-family: georgia, palatino, serif;\"><strong>Cum vede\u021bi evolu\u021bia credit\u0103rii \u00een Rom\u00e2nia pe parcursul acestui an? (credite \u00een lei\/credite \u00een valut\u0103; credite retail\/credite corporate; credite de consum\/credite ipotecare). Poate cre\u0219te din nou creditarea prin programul Prima cas\u0103 \u00een anii urm\u0103tori? B\u0103ncile trebuie s\u0103 r\u0103m\u00e2n\u0103 deschise la business \u0219i sa dea credite conform standardelor de risc?<\/strong><\/span><\/p><p style=\"text-align: justify;\"><span style=\"font-family: georgia, palatino, serif;\">Fiind un an cu stres financiar pentru mul\u021bi, cererea pentru credite ar putea s\u0103 scad\u0103, mai pu\u021bin vizibil la sold din cauza Moratorium-ului de am\u00e2nare a pl\u0103\u021bii ratelor.\u00a0 Ne dorim ca aceast\u0103 perioad\u0103 s\u0103 fie c\u00e2t mai scurt\u0103. Precum s-a v\u0103zut \u00eenainte de izbucnirea crizei, creditul ipotecar a avut cea mai mic\u0103 cre\u0219tere \u00een 2019 de c\u00e2nd acest tip de credit se acord\u0103 (7.8% fa\u021b\u0103 de 2018, cifre exprimate in euro). Este aceast\u0103 evolu\u021bie conjunctural\u0103 sau un trend? R\u0103m\u00e2ne de v\u0103zut.<\/span><\/p><p style=\"text-align: justify;\"><span style=\"font-family: georgia, palatino, serif;\">\u00cen orice caz, \u00een primul trimestru din 2020 cre\u0219terea pe acest segment a accelerat u\u0219or (9% \u00een martie 2020, fa\u021b\u0103 de martie 2019). Programul Prima Cas\u0103 va trebui reg\u00e2ndit \u0219i direc\u021bionat c\u0103tre cei care se pot califica la credit, dar \u00ee\u0219i pierd curajul investi\u021bional (dob\u00e2nda medie la creditele Prima cas\u0103 este 4.44% p.a., iar dob\u00e2nda medie la creditele ipotecare noi 5.35% p.a. \u00een martie 2020).\u00a0 Este nevoie s\u0103 stimul\u0103m cererea \u00een toate segmentele sociale eligibile prin m\u0103suri bine \u021bintite care s\u0103 ofere oportunit\u0103\u021bi celor mai curajo\u0219i s\u0103 \u00ee\u0219i asume investi\u021bii.<\/span><\/p><p style=\"text-align: justify;\"><span style=\"font-family: georgia, palatino, serif;\">Creditarea va fi preponderent \u00een lei pentru retail \u0219i un mix lei \u0219i valut\u0103 pentru corpora\u021bii. \u00a0B\u0103ncile vor acorda \u00eentotdeauna credite \u00een a\u0219a fel \u00eenc\u00e2t s\u0103 minimizeze pierderile posibil de anticipat, adic\u0103 \u00een condi\u021biile standardului de risc asumat. B\u0103ncile vor finan\u021ba revenirea economiei, d\u00e2nd de data aceasta o aten\u021bie sporit\u0103 creditului pentru companii. \u00a0Ie\u0219irea din aceast\u0103 criz\u0103 economic\u0103 se va face cu ajutorul b\u0103ncilor, finan\u021b\u00e2nd IMM-urile din surse proprii sau prin scheme de garan\u021bii guvernamentale.<\/span><\/p><p style=\"text-align: justify;\"><span style=\"font-family: georgia, palatino, serif;\">Condi\u021bia necesar\u0103, dar nu neap\u0103rat suficient\u0103, pentru cre\u0219terea credit\u0103rii este responsabilitatea \u00een alocarea resurselor \u00een perioada post criz\u0103 de s\u0103n\u0103tate \u0219i \u00een recesiunea economic\u0103 ce va urma. Responsabilitatea aceasta nu revine doar bancherilor, ci \u0219i autorit\u0103\u021bilor rom\u00e2ne prin cadrul legislativ. Noi nu solicit\u0103m facilit\u0103\u021bi speciale, ci un cadru legislativ stabil prin care s\u0103 fie conservat\u0103 capacitatea b\u0103ncilor, \u00een calitatea lor de Infrastructur\u0103 Critic\u0103 Na\u021bional\u0103, de a r\u0103m\u00e2ne solid capitalizate \u0219i cu indicatori de lichiditate \u00een acord cu reglement\u0103rile na\u021bionale \u0219i interna\u021bionale, pentru a evita afectarea stabilit\u0103\u021bii financiare.<\/span><\/p><p style=\"text-align: justify;\"><span style=\"font-family: georgia, palatino, serif;\">\u00cen anul 2020 sunt necesare m\u0103suri proactive de cre\u0219tere a credit\u0103rii, ca parte a abord\u0103rii strategice de relansare a mediului antreprenorial \u0219i a economiei \u00een general, pentru a sus\u021bine reluarea activit\u0103\u021bii economice afectat\u0103 de pandemie.<\/span><\/p><p style=\"text-align: justify;\"><span style=\"font-family: georgia, palatino, serif;\">\u00cen acest sens, la nivelul ARB am propus \u00eenfiin\u021barea unui Task Force public-privat pentru elaborarea Strategiei de cre\u0219tere a intermedierii financiare, m\u0103car pe perioada aceasta. Invit\u0103m autorit\u0103\u021bile s\u0103 test\u0103m o Strategie de criz\u0103 pentru cre\u0219terea credit\u0103rii \u0219i revigorarea economic\u0103.<\/span><\/p><p style=\"text-align: justify;\"><span style=\"font-family: georgia, palatino, serif;\"><strong>Exist\u0103 riscul s\u0103 creasc\u0103 din nou rata creditelor neperformante \u00een 2020 \u0219i \u00een anii urm\u0103tori? P\u00e2n\u0103 la ce nivel?<\/strong><\/span><\/p><p style=\"text-align: justify;\"><span style=\"font-family: georgia, palatino, serif;\">\u00cen mod cert, rata expunerilor neperformante va cre\u0219te. \u00cen ultimii ani, acest indicator a avut o traiectorie descendent\u0103, \u00eens\u0103 este posibil s\u0103 asist\u0103m la o inversare de trend pe fondul provoc\u0103rilor care au tendin\u021ba de a eroda gradual stabilitatea \u0219i disciplina financiar\u0103.<\/span><\/p><p style=\"text-align: justify;\"><span style=\"font-family: georgia, palatino, serif;\">Nu toate firmele vor rezista crizei COVID-19 \u0219i cu toate precau\u021biile este \u00eenc\u0103 dificil de anticipat care anume o vor face. Aceast\u0103 analiz\u0103 \u021bine at\u00e2t de elementele particulare ale companiei respective, c\u00e2t \u0219i de creativitatea \u0219i determinarea managementului. Dar, esen\u021bial este c\u0103 \u00een Rom\u00e2nia rata creditelor neperformante a ajuns la un nivel aproape de nivelul mediu din UE (3.98% \u00een februarie 2020, fa\u021b\u0103 de 3% \u00een iunie 2019 \u00een UE). S\u0103 nu neglij\u0103m \u00eens\u0103 \u0219i faptul c\u0103 pierderile crizei \u00een r\u00e2ndul IMM-urilor par s\u0103 fie reduse, judec\u00e2nd dup\u0103 r\u0103spunsul la \u00eentrebarea \u201cDup\u0103 c\u00e2t timp crede\u021bi c\u0103 ve\u021bi reveni la nivelul cifrei de afaceri anterior crizei\u201d \u00eentr-o recent\u0103 anchet\u0103 \u00een r\u00e2ndul IMM-urilor. Doar 7.5% dintre firme au avut un r\u0103spuns mai ezitant \u0219i au indicat c\u0103 ar reveni la valorile de dinainte de criz\u0103 dup\u0103 mai mult de 2 ani.<\/span><\/p><p style=\"text-align: justify;\"><span style=\"font-family: georgia, palatino, serif;\">Avem \u00een bilan\u021bul b\u0103ncilor aproximativ 10% din companiile active din Rom\u00e2nia, acestea fiind cele care au contractat credite bancare \u00een prezent. \u00cens\u0103 la nivelul economiei, raportul creditul comercial versus creditul bancar este de 3 : 1, dac\u0103 ne uitam la creditul total pe companii \u0219i de aproape 10:1 dac\u0103 particularizam la nivelul capitalului de lucru. Acest lucru poate produce blocaje \u00een economie, efectul fiind unul de domino \u00een r\u00e2ndul celor care utilizeaz\u0103 creditul comercial \u0219i care poate afecta indirect \u0219i restul companiilor. \u00cen aceast\u0103 perioad\u0103 ar trebui acordat\u0103 o aten\u021bie deosebit\u0103 modific\u0103rii cadrului legislativ privind insolven\u021ba persoanelor juridice. Ar trebui s\u0103 g\u0103sim acel punct de echilibru \u00eentre creditori \u0219i debitori \u00een legisla\u021bie care s\u0103 integreze condi\u021bionalit\u0103\u021bile crizei actuale pentru a nu sufoca economia Rom\u00e2niei cu un nou val al insolven\u021belor.<\/span><\/p><p style=\"text-align: justify;\"><span style=\"font-family: georgia, palatino, serif;\"><strong>Ce se va \u00eent\u00e2mpla cu dob\u00e2nzile la credite \u0219i la depozite \u00een 2020 \u0219i \u00een perspectiv\u0103?<\/strong><\/span><\/p><p style=\"text-align: justify;\"><span style=\"font-family: georgia, palatino, serif;\">Cred c\u0103 perioada dob\u00e2nzilor mici, posibil mai mici dec\u00e2t \u00een prezent, se va men\u021bine \u00een continuare.<\/span><\/p><p style=\"text-align: justify;\"><span style=\"font-family: georgia, palatino, serif;\"><strong>Se poate accentua consolidarea sistemului bancar \u00een perioada urm\u0103toare? Vor disp\u0103rea mai repede b\u0103ncile mai mici de pe pia\u021b\u0103?<\/strong><\/span><\/p><p style=\"text-align: justify;\"><span style=\"font-family: georgia, palatino, serif;\">\u0218ocurile din economie reprezint\u0103 un real \u201ctest de stres\u201d pentru b\u0103nci, iar cine nu rezist\u0103 \u00een ciuda preg\u0103tirilor impuse de reglement\u0103ri va trebui s\u0103 g\u0103seasc\u0103 capitalul necesar pe pie\u021bele financiare locale sau interna\u021bionale, f\u0103c\u00e2nd \u00een acela\u0219i timp concesiile de pre\u021b sau de ac\u021bionariat dorite de investitori, indiferent de m\u0103rime. \u00a0Perioadele de criz\u0103 au reprezentat \u00eens\u0103 \u00eentotdeauna bune oportunit\u0103\u021bi de consolidare a sistemelor bancare \u0219i nu v\u0103d de ce nu ar fi cazul \u0219i \u00een aceasta criz\u0103.<\/span><\/p><p style=\"text-align: justify;\"><span style=\"font-family: georgia, palatino, serif;\">Dac\u0103 privim \u00eens\u0103 din perspectiva necesarului de finan\u021bare \u00een economia na\u021bional\u0103 \u0219i a gradului de incluziune financiar\u0103, Rom\u00e2nia are nevoie de b\u0103nci pentru dezvoltarea economic\u0103.<\/span><\/p><p style=\"text-align: justify;\"><span style=\"font-family: georgia, palatino, serif;\">\u00centr-un stat european unde gradul de intermediere financiar\u0103 este de 3 ori mai redus fa\u021b\u0103 de media european\u0103, 25% versus 83%, reducerea capacita\u021bii de creditare este de fapt elementul de monitorizat, nu neap\u0103rat num\u0103rul b\u0103ncilor care opereaz\u0103.<\/span><\/p><p style=\"text-align: justify;\"><span style=\"font-family: georgia, palatino, serif;\"><strong>B\u0103ncile vor pune accentul mai mult pe digitalizare, \u00een contextul crizei coronavirus? Va sc\u0103dea \u00een continuare num\u0103rul de sucursale \u0219i num\u0103rul de angaja\u021bi din b\u0103nci?<\/strong><\/span><\/p><p style=\"text-align: justify;\"><span style=\"font-family: georgia, palatino, serif;\">\u00cen Rom\u00e2nia, penetrarea re\u021belei de unit\u0103\u021bi bancare \u0219i a num\u0103rului de ATM \u2013uri se situeaz\u0103 pu\u021bin peste media Uniunii Europene, potrivit datelor incluse \u00eentr-un raport recent al B\u0103ncii Mondiale. Astfel, \u00een anul 2019, Rom\u00e2nia avea 4.018 unit\u0103\u021bi bancare \u0219i 10.531 ATM-uri la nivel na\u021bional, care echivaleaz\u0103 cu 26 de unit\u0103\u021bi bancare \u0219i 68 ATM-uri la 100.000 de adul\u021bi. Aceast\u0103 penetrare este comparabil\u0103 cu nivelul UE, de 25 sucursale \u0219i 63 de ATM-uri la 100.000 de adul\u021bi \u00een 2017.<\/span><\/p><p style=\"text-align: justify;\"><span style=\"font-family: georgia, palatino, serif;\">Criza a impus avansul digitaliz\u0103rii \u00een toate sectoarele unde acest lucru a fost posibil. Inclusiv \u00een sistemul bancar. Pentru unele sectoare acest mod de lucru se va dovedi a fi doar o alternativ\u0103 de avarie, iar pentru altele un mod de lucru normal. B\u0103ncile \u00ee\u0219i vor ajusta modul de lucru \u00een func\u021bie de cerere.<\/span><\/p><p style=\"text-align: justify;\"><span style=\"font-family: georgia, palatino, serif;\">Cred \u00eens\u0103 c\u0103 aceast\u0103 criza prin natura ei, \u00een special prin digitalizarea for\u021bat\u0103 a rela\u021biei cu clien\u021bii, a adus o nou\u0103 dimensiune de economisire \u0219i eficien\u021b\u0103 \u00een r\u0103spunsul sistemului bancar la nevoile clien\u021bilor.\u00a0 Am convingerea c\u0103 programele\u00a0 de eficientizare a costului de intermediere financiar\u0103, mai ales prin canalul reprezentat de re\u021beaua de sucursale, sunt de abia la \u00eenceput.\u00a0 Pe de alt\u0103 parte, av\u00e2nd \u00een vedere dimensiunea mic\u0103 de active bancare pe unitate \u0219i nevoia de cre\u0219tere a intermedierii financiare, se prea poate s\u0103 asist\u0103m la o cre\u0219tere rapid\u0103 de cerere pe canalele digitale cu p\u0103strarea amprentei actuale a canalului bancar reprezentat de re\u021beaua de sucursale. Aceast\u0103 decizie \u00eens\u0103 va face parte din strategia de dezvoltare a fiec\u0103rei b\u0103nci pe viitor.<\/span><\/p><p style=\"text-align: justify;\"><span style=\"font-family: georgia, palatino, serif;\"><strong>Cum va evolua economia Rom\u00e2niei \u00een acest an? Exist\u0103 riscul unei recesiuni puternice, \u00eenso\u021bite de o criza financiar\u0103? Solu\u021bii pentru temperarea declinului economiei.<\/strong><\/span><\/p><p style=\"text-align: justify;\"><span style=\"font-family: georgia, palatino, serif;\">\u00cen 2020, conform estim\u0103rilor FMI, economia global\u0103 va c\u0103dea cu 3%, zona euro cu 7.5%, iar cei mai importan\u021bi parteneri comerciali ai Rom\u00e2niei, Germania cu 7% \u0219i Italia cu 9.1%. \u00cen aceste condi\u021bii, Rom\u00e2nia nu poate evita c\u0103derea. Dar, m\u0103surile ample de sus\u021binere a economiilor din UE \u00eempreun\u0103 cu propriile m\u0103suri luate la nivel na\u021bional, estimate a reprezenta un procent important din PIB, vor sus\u021bine recuperarea.<\/span><\/p><p style=\"text-align: justify;\"><span style=\"font-family: georgia, palatino, serif;\">Este dificil de anticipat dac\u0103 sub impactul Covid-19, evolu\u021bia economiei Rom\u00e2niei va avea o traiectorie \u00een &#8222;V&#8221;, cu sc\u0103derea produc\u021biei \u0219i a investi\u021biilor, stagnarea temporar\u0103 a afacerilor, acea faz\u0103 de declin a activit\u0103\u021bii economice temporar\u0103 (recesiune), urmat\u0103 de o revenire rapid\u0103 de amplitudine propor\u021bional\u0103 cu cea din faza de c\u0103dere, sau evolu\u021bia economiei va fi \u00een &#8222;U&#8221;, cu prelungirea perioadei de stagnare. La momentul acesta, nu lu\u0103m \u00een calcul un scenariu de criz\u0103 \u00een forma de &#8222;L&#8221;, care presupune o c\u0103dere \u0219i o r\u0103m\u00e2nere pe palierul de c\u0103dere timp mai \u00eendelungat.<\/span><\/p><p style=\"text-align: justify;\"><span style=\"font-family: georgia, palatino, serif;\">Criza financiar\u0103 este un element probabil dac\u0103 modific\u0103rile aduse cadrului legislativ \u00een domeniul bancar de cele 8 legi\/ proiecte de legi intr\u0103 \u00een vigoare. Este nevoie de responsabilizare pentru ca factura pl\u0103tit\u0103 de rom\u00e2ni s\u0103 fie c\u00e2t mai mic\u0103. Aceast\u0103 direc\u021bie de responsabilizare trebuie ar\u0103tat\u0103 \u0219i condus\u0103 \u00een primul r\u00e2nd de clasa politic\u0103, pe baza consult\u0103rii exper\u021bilor \u00een economie,\u00a0 prin identificarea m\u0103surilor pe care s\u0103 le lu\u0103m. A\u0219 sugera c\u0103 este un moment foarte potrivit pentru a se realiza, spre exemplu, un pact larg pe \u00eentreg spectrul politic pentru ac\u021biuni economice \u021bintite spre evitarea unei eventuale reduceri a rating-ului de \u021bar\u0103, fapt care ar accentua fundamental criza \u0219i ar am\u00e2na revenirea. Rom\u00e2nii nu trebuie din nou expu\u0219i la o criz\u0103 economic\u0103 sever\u0103. PIB-ul pe cap de locuitor \u00een Rom\u00e2nia \u00een cifre absolute s-a situat \u00een 2019 la nivelul de 11.500 euro, reprezent\u00e2nd 37% din media UE27 de 31.960 euro. Rom\u00e2nia are al doilea cel mai ridicat nivel de s\u0103r\u0103cie din Europa (32,5%), dup\u0103 Bulgaria (32,8%), cu 11 pp peste media UE (21,7%), suntem \u00eenc\u0103 prea s\u0103raci ca s\u0103 ne permitem m\u0103suri populiste. De aceea cred c\u0103 noi to\u021bi, fie c\u0103 suntem economi\u0219ti, ingineri, jurnali\u0219ti, politicieni, sociologi etc., trebuie s\u0103 contribuim con\u0219tient, consecvent \u0219i ap\u0103sat la reducerea continu\u0103 a indicatorului populismului \u00een \u021bara noastr\u0103.<\/span><\/p>\t\t\t\t\t\t\t\t<\/div>\n\t\t\t\t<\/div>\n\t\t\t\t<div class=\"elementor-element elementor-element-877a015 elementor-widget elementor-widget-button\" data-id=\"877a015\" data-element_type=\"widget\" data-e-type=\"widget\" data-widget_type=\"button.default\">\n\t\t\t\t<div class=\"elementor-widget-container\">\n\t\t\t\t\t\t\t\t\t<div class=\"elementor-button-wrapper\">\n\t\t\t\t\t<a class=\"elementor-button elementor-button-link elementor-size-sm\" href=\"http:\/\/wp-content\/uploads\/zf05_06-mai.pdf\">\n\t\t\t\t\t\t<span class=\"elementor-button-content-wrapper\">\n\t\t\t\t\t\t\t\t\t<span class=\"elementor-button-text\">Download<\/span>\n\t\t\t\t\t<\/span>\n\t\t\t\t\t<\/a>\n\t\t\t\t<\/div>\n\t\t\t\t\t\t\t\t<\/div>\n\t\t\t\t<\/div>\n\t\t\t\t\t<\/div>\n\t\t\t\t<\/div>\n\t\t\t\t<\/div>","protected":false},"excerpt":{"rendered":"<p>Sergiu Oprescu, Pre\u015fedintele Consiliului Director al ARB \u015fi pre\u015fedintele executiv Alpha Bank, Ziarul Financiar &#8211; 06.05.2020<\/p>","protected":false},"author":3,"featured_media":1278906,"comment_status":"closed","ping_status":"closed","sticky":false,"template":"","format":"standard","meta":{"inline_featured_image":false,"footnotes":""},"categories":[8],"tags":[],"class_list":["post-939800","post","type-post","status-publish","format-standard","has-post-thumbnail","hentry","category-aparitii-media"],"acf":[],"yoast_head":"<!-- This site is optimized with the Yoast SEO plugin v27.4 - https:\/\/yoast.com\/product\/yoast-seo-wordpress\/ -->\n<title>Sergiu Oprescu, ARB: B\u0103ncile vor finan\u021ba revenirea economiei, d\u00e2nd o aten\u021bie sporit\u0103 creditului pentru companii. Ele sunt \u0219i vor fi \u00een prima linie a crizei economice - Asocia\u021bia Rom\u00e2n\u0103 a B\u0103ncilor (ARB)<\/title>\n<meta name=\"robots\" content=\"index, follow, max-snippet:-1, max-image-preview:large, max-video-preview:-1\" \/>\n<link rel=\"canonical\" href=\"https:\/\/www.arb.ro\/en\/sergiu-oprescu-arb-bancile-vor-finanta-revenirea-economiei-dand-o-atentie-sporita-creditului-pentru-companii-ele-sunt-si-vor-fi-in-prima-linie-a-crizei-economice\/\" \/>\n<meta property=\"og:locale\" content=\"en_US\" \/>\n<meta property=\"og:type\" content=\"article\" \/>\n<meta property=\"og:title\" content=\"Sergiu Oprescu, ARB: B\u0103ncile vor finan\u021ba revenirea economiei, d\u00e2nd o aten\u021bie sporit\u0103 creditului pentru companii. Ele sunt \u0219i vor fi \u00een prima linie a crizei economice - Asocia\u021bia Rom\u00e2n\u0103 a B\u0103ncilor (ARB)\" \/>\n<meta property=\"og:description\" content=\"Sergiu Oprescu, Pre\u015fedintele Consiliului Director al ARB \u015fi pre\u015fedintele executiv Alpha Bank, Ziarul Financiar - 06.05.2020\" \/>\n<meta property=\"og:url\" content=\"https:\/\/www.arb.ro\/en\/sergiu-oprescu-arb-bancile-vor-finanta-revenirea-economiei-dand-o-atentie-sporita-creditului-pentru-companii-ele-sunt-si-vor-fi-in-prima-linie-a-crizei-economice\/\" \/>\n<meta property=\"og:site_name\" content=\"Asocia\u021bia Rom\u00e2n\u0103 a B\u0103ncilor (ARB)\" \/>\n<meta property=\"article:published_time\" content=\"2020-05-06T10:45:46+00:00\" \/>\n<meta property=\"article:modified_time\" content=\"2024-01-20T10:26:19+00:00\" \/>\n<meta property=\"og:image\" content=\"https:\/\/www.arb.ro\/wp-content\/uploads\/sergiu-oprescu-1024x683-1.jpg\" \/>\n\t<meta property=\"og:image:width\" content=\"1024\" \/>\n\t<meta property=\"og:image:height\" content=\"683\" \/>\n\t<meta property=\"og:image:type\" content=\"image\/jpeg\" \/>\n<meta name=\"author\" content=\"Julius\" \/>\n<meta name=\"twitter:card\" content=\"summary_large_image\" \/>\n<meta name=\"twitter:label1\" content=\"Written by\" \/>\n\t<meta name=\"twitter:data1\" content=\"Julius\" \/>\n\t<meta name=\"twitter:label2\" content=\"Est. reading time\" \/>\n\t<meta name=\"twitter:data2\" content=\"15 minutes\" \/>\n<script type=\"application\/ld+json\" class=\"yoast-schema-graph\">{\"@context\":\"https:\\\/\\\/schema.org\",\"@graph\":[{\"@type\":\"Article\",\"@id\":\"https:\\\/\\\/www.arb.ro\\\/en\\\/sergiu-oprescu-arb-bancile-vor-finanta-revenirea-economiei-dand-o-atentie-sporita-creditului-pentru-companii-ele-sunt-si-vor-fi-in-prima-linie-a-crizei-economice\\\/#article\",\"isPartOf\":{\"@id\":\"https:\\\/\\\/www.arb.ro\\\/en\\\/sergiu-oprescu-arb-bancile-vor-finanta-revenirea-economiei-dand-o-atentie-sporita-creditului-pentru-companii-ele-sunt-si-vor-fi-in-prima-linie-a-crizei-economice\\\/\"},\"author\":{\"name\":\"Julius\",\"@id\":\"https:\\\/\\\/www.arb.ro\\\/#\\\/schema\\\/person\\\/dee91fbc10f29d0338e589f6bc22010f\"},\"headline\":\"Sergiu Oprescu, ARB: B\u0103ncile vor finan\u021ba revenirea economiei, d\u00e2nd o aten\u021bie sporit\u0103 creditului pentru companii. Ele sunt \u0219i vor fi \u00een prima linie a crizei economice\",\"datePublished\":\"2020-05-06T10:45:46+00:00\",\"dateModified\":\"2024-01-20T10:26:19+00:00\",\"mainEntityOfPage\":{\"@id\":\"https:\\\/\\\/www.arb.ro\\\/en\\\/sergiu-oprescu-arb-bancile-vor-finanta-revenirea-economiei-dand-o-atentie-sporita-creditului-pentru-companii-ele-sunt-si-vor-fi-in-prima-linie-a-crizei-economice\\\/\"},\"wordCount\":3059,\"publisher\":{\"@id\":\"https:\\\/\\\/www.arb.ro\\\/#organization\"},\"image\":{\"@id\":\"https:\\\/\\\/www.arb.ro\\\/en\\\/sergiu-oprescu-arb-bancile-vor-finanta-revenirea-economiei-dand-o-atentie-sporita-creditului-pentru-companii-ele-sunt-si-vor-fi-in-prima-linie-a-crizei-economice\\\/#primaryimage\"},\"thumbnailUrl\":\"https:\\\/\\\/www.arb.ro\\\/wp-content\\\/uploads\\\/sergiu-oprescu-1024x683-1.jpg\",\"articleSection\":[\"Apari\u021bii media\"],\"inLanguage\":\"en-US\"},{\"@type\":\"WebPage\",\"@id\":\"https:\\\/\\\/www.arb.ro\\\/en\\\/sergiu-oprescu-arb-bancile-vor-finanta-revenirea-economiei-dand-o-atentie-sporita-creditului-pentru-companii-ele-sunt-si-vor-fi-in-prima-linie-a-crizei-economice\\\/\",\"url\":\"https:\\\/\\\/www.arb.ro\\\/en\\\/sergiu-oprescu-arb-bancile-vor-finanta-revenirea-economiei-dand-o-atentie-sporita-creditului-pentru-companii-ele-sunt-si-vor-fi-in-prima-linie-a-crizei-economice\\\/\",\"name\":\"Sergiu Oprescu, ARB: B\u0103ncile vor finan\u021ba revenirea economiei, d\u00e2nd o aten\u021bie sporit\u0103 creditului pentru companii. Ele sunt \u0219i vor fi \u00een prima linie a crizei economice - Asocia\u021bia Rom\u00e2n\u0103 a B\u0103ncilor (ARB)\",\"isPartOf\":{\"@id\":\"https:\\\/\\\/www.arb.ro\\\/#website\"},\"primaryImageOfPage\":{\"@id\":\"https:\\\/\\\/www.arb.ro\\\/en\\\/sergiu-oprescu-arb-bancile-vor-finanta-revenirea-economiei-dand-o-atentie-sporita-creditului-pentru-companii-ele-sunt-si-vor-fi-in-prima-linie-a-crizei-economice\\\/#primaryimage\"},\"image\":{\"@id\":\"https:\\\/\\\/www.arb.ro\\\/en\\\/sergiu-oprescu-arb-bancile-vor-finanta-revenirea-economiei-dand-o-atentie-sporita-creditului-pentru-companii-ele-sunt-si-vor-fi-in-prima-linie-a-crizei-economice\\\/#primaryimage\"},\"thumbnailUrl\":\"https:\\\/\\\/www.arb.ro\\\/wp-content\\\/uploads\\\/sergiu-oprescu-1024x683-1.jpg\",\"datePublished\":\"2020-05-06T10:45:46+00:00\",\"dateModified\":\"2024-01-20T10:26:19+00:00\",\"breadcrumb\":{\"@id\":\"https:\\\/\\\/www.arb.ro\\\/en\\\/sergiu-oprescu-arb-bancile-vor-finanta-revenirea-economiei-dand-o-atentie-sporita-creditului-pentru-companii-ele-sunt-si-vor-fi-in-prima-linie-a-crizei-economice\\\/#breadcrumb\"},\"inLanguage\":\"en-US\",\"potentialAction\":[{\"@type\":\"ReadAction\",\"target\":[\"https:\\\/\\\/www.arb.ro\\\/en\\\/sergiu-oprescu-arb-bancile-vor-finanta-revenirea-economiei-dand-o-atentie-sporita-creditului-pentru-companii-ele-sunt-si-vor-fi-in-prima-linie-a-crizei-economice\\\/\"]}]},{\"@type\":\"ImageObject\",\"inLanguage\":\"en-US\",\"@id\":\"https:\\\/\\\/www.arb.ro\\\/en\\\/sergiu-oprescu-arb-bancile-vor-finanta-revenirea-economiei-dand-o-atentie-sporita-creditului-pentru-companii-ele-sunt-si-vor-fi-in-prima-linie-a-crizei-economice\\\/#primaryimage\",\"url\":\"https:\\\/\\\/www.arb.ro\\\/wp-content\\\/uploads\\\/sergiu-oprescu-1024x683-1.jpg\",\"contentUrl\":\"https:\\\/\\\/www.arb.ro\\\/wp-content\\\/uploads\\\/sergiu-oprescu-1024x683-1.jpg\",\"width\":1024,\"height\":683},{\"@type\":\"BreadcrumbList\",\"@id\":\"https:\\\/\\\/www.arb.ro\\\/en\\\/sergiu-oprescu-arb-bancile-vor-finanta-revenirea-economiei-dand-o-atentie-sporita-creditului-pentru-companii-ele-sunt-si-vor-fi-in-prima-linie-a-crizei-economice\\\/#breadcrumb\",\"itemListElement\":[{\"@type\":\"ListItem\",\"position\":1,\"name\":\"Home\",\"item\":\"https:\\\/\\\/www.arb.ro\\\/\"},{\"@type\":\"ListItem\",\"position\":2,\"name\":\"Sergiu Oprescu, ARB: B\u0103ncile vor finan\u021ba revenirea economiei, d\u00e2nd o aten\u021bie sporit\u0103 creditului pentru companii. Ele sunt \u0219i vor fi \u00een prima linie a crizei economice\"}]},{\"@type\":\"WebSite\",\"@id\":\"https:\\\/\\\/www.arb.ro\\\/#website\",\"url\":\"https:\\\/\\\/www.arb.ro\\\/\",\"name\":\"Asocia\u021bia Rom\u00e2n\u0103 a B\u0103ncilor (ARB)\",\"description\":\"Asocia\u021bia Rom\u00e2n\u0103 a B\u0103ncilor\",\"publisher\":{\"@id\":\"https:\\\/\\\/www.arb.ro\\\/#organization\"},\"potentialAction\":[{\"@type\":\"SearchAction\",\"target\":{\"@type\":\"EntryPoint\",\"urlTemplate\":\"https:\\\/\\\/www.arb.ro\\\/?s={search_term_string}\"},\"query-input\":{\"@type\":\"PropertyValueSpecification\",\"valueRequired\":true,\"valueName\":\"search_term_string\"}}],\"inLanguage\":\"en-US\"},{\"@type\":\"Organization\",\"@id\":\"https:\\\/\\\/www.arb.ro\\\/#organization\",\"name\":\"Asocia\u021bia Rom\u00e2n\u0103 a B\u0103ncilor (ARB)\",\"url\":\"https:\\\/\\\/www.arb.ro\\\/\",\"logo\":{\"@type\":\"ImageObject\",\"inLanguage\":\"en-US\",\"@id\":\"https:\\\/\\\/www.arb.ro\\\/#\\\/schema\\\/logo\\\/image\\\/\",\"url\":\"https:\\\/\\\/www.arb.ro\\\/wp-content\\\/uploads\\\/ARB_35_TRANSPARENCY.png\",\"contentUrl\":\"https:\\\/\\\/www.arb.ro\\\/wp-content\\\/uploads\\\/ARB_35_TRANSPARENCY.png\",\"width\":1820,\"height\":1987,\"caption\":\"Asocia\u021bia Rom\u00e2n\u0103 a B\u0103ncilor (ARB)\"},\"image\":{\"@id\":\"https:\\\/\\\/www.arb.ro\\\/#\\\/schema\\\/logo\\\/image\\\/\"}},{\"@type\":\"Person\",\"@id\":\"https:\\\/\\\/www.arb.ro\\\/#\\\/schema\\\/person\\\/dee91fbc10f29d0338e589f6bc22010f\",\"name\":\"Julius\",\"image\":{\"@type\":\"ImageObject\",\"inLanguage\":\"en-US\",\"@id\":\"https:\\\/\\\/secure.gravatar.com\\\/avatar\\\/a150566e73bdc5dcfc20cd2566475302134db2bf8a825e694a349ea596e418c9?s=96&d=mm&r=g\",\"url\":\"https:\\\/\\\/secure.gravatar.com\\\/avatar\\\/a150566e73bdc5dcfc20cd2566475302134db2bf8a825e694a349ea596e418c9?s=96&d=mm&r=g\",\"contentUrl\":\"https:\\\/\\\/secure.gravatar.com\\\/avatar\\\/a150566e73bdc5dcfc20cd2566475302134db2bf8a825e694a349ea596e418c9?s=96&d=mm&r=g\",\"caption\":\"Julius\"},\"url\":\"https:\\\/\\\/www.arb.ro\\\/en\\\/author\\\/iulianr\\\/\"}]}<\/script>\n<!-- \/ Yoast SEO plugin. -->","yoast_head_json":{"title":"Sergiu Oprescu, ARB: B\u0103ncile vor finan\u021ba revenirea economiei, d\u00e2nd o aten\u021bie sporit\u0103 creditului pentru companii. Ele sunt \u0219i vor fi \u00een prima linie a crizei economice - Asocia\u021bia Rom\u00e2n\u0103 a B\u0103ncilor (ARB)","robots":{"index":"index","follow":"follow","max-snippet":"max-snippet:-1","max-image-preview":"max-image-preview:large","max-video-preview":"max-video-preview:-1"},"canonical":"https:\/\/www.arb.ro\/en\/sergiu-oprescu-arb-bancile-vor-finanta-revenirea-economiei-dand-o-atentie-sporita-creditului-pentru-companii-ele-sunt-si-vor-fi-in-prima-linie-a-crizei-economice\/","og_locale":"en_US","og_type":"article","og_title":"Sergiu Oprescu, ARB: B\u0103ncile vor finan\u021ba revenirea economiei, d\u00e2nd o aten\u021bie sporit\u0103 creditului pentru companii. Ele sunt \u0219i vor fi \u00een prima linie a crizei economice - Asocia\u021bia Rom\u00e2n\u0103 a B\u0103ncilor (ARB)","og_description":"Sergiu Oprescu, Pre\u015fedintele Consiliului Director al ARB \u015fi pre\u015fedintele executiv Alpha Bank, Ziarul Financiar - 06.05.2020","og_url":"https:\/\/www.arb.ro\/en\/sergiu-oprescu-arb-bancile-vor-finanta-revenirea-economiei-dand-o-atentie-sporita-creditului-pentru-companii-ele-sunt-si-vor-fi-in-prima-linie-a-crizei-economice\/","og_site_name":"Asocia\u021bia Rom\u00e2n\u0103 a B\u0103ncilor (ARB)","article_published_time":"2020-05-06T10:45:46+00:00","article_modified_time":"2024-01-20T10:26:19+00:00","og_image":[{"width":1024,"height":683,"url":"https:\/\/www.arb.ro\/wp-content\/uploads\/sergiu-oprescu-1024x683-1.jpg","type":"image\/jpeg"}],"author":"Julius","twitter_card":"summary_large_image","twitter_misc":{"Written by":"Julius","Est. reading time":"15 minutes"},"schema":{"@context":"https:\/\/schema.org","@graph":[{"@type":"Article","@id":"https:\/\/www.arb.ro\/en\/sergiu-oprescu-arb-bancile-vor-finanta-revenirea-economiei-dand-o-atentie-sporita-creditului-pentru-companii-ele-sunt-si-vor-fi-in-prima-linie-a-crizei-economice\/#article","isPartOf":{"@id":"https:\/\/www.arb.ro\/en\/sergiu-oprescu-arb-bancile-vor-finanta-revenirea-economiei-dand-o-atentie-sporita-creditului-pentru-companii-ele-sunt-si-vor-fi-in-prima-linie-a-crizei-economice\/"},"author":{"name":"Julius","@id":"https:\/\/www.arb.ro\/#\/schema\/person\/dee91fbc10f29d0338e589f6bc22010f"},"headline":"Sergiu Oprescu, ARB: B\u0103ncile vor finan\u021ba revenirea economiei, d\u00e2nd o aten\u021bie sporit\u0103 creditului pentru companii. Ele sunt \u0219i vor fi \u00een prima linie a crizei economice","datePublished":"2020-05-06T10:45:46+00:00","dateModified":"2024-01-20T10:26:19+00:00","mainEntityOfPage":{"@id":"https:\/\/www.arb.ro\/en\/sergiu-oprescu-arb-bancile-vor-finanta-revenirea-economiei-dand-o-atentie-sporita-creditului-pentru-companii-ele-sunt-si-vor-fi-in-prima-linie-a-crizei-economice\/"},"wordCount":3059,"publisher":{"@id":"https:\/\/www.arb.ro\/#organization"},"image":{"@id":"https:\/\/www.arb.ro\/en\/sergiu-oprescu-arb-bancile-vor-finanta-revenirea-economiei-dand-o-atentie-sporita-creditului-pentru-companii-ele-sunt-si-vor-fi-in-prima-linie-a-crizei-economice\/#primaryimage"},"thumbnailUrl":"https:\/\/www.arb.ro\/wp-content\/uploads\/sergiu-oprescu-1024x683-1.jpg","articleSection":["Apari\u021bii media"],"inLanguage":"en-US"},{"@type":"WebPage","@id":"https:\/\/www.arb.ro\/en\/sergiu-oprescu-arb-bancile-vor-finanta-revenirea-economiei-dand-o-atentie-sporita-creditului-pentru-companii-ele-sunt-si-vor-fi-in-prima-linie-a-crizei-economice\/","url":"https:\/\/www.arb.ro\/en\/sergiu-oprescu-arb-bancile-vor-finanta-revenirea-economiei-dand-o-atentie-sporita-creditului-pentru-companii-ele-sunt-si-vor-fi-in-prima-linie-a-crizei-economice\/","name":"Sergiu Oprescu, ARB: B\u0103ncile vor finan\u021ba revenirea economiei, d\u00e2nd o aten\u021bie sporit\u0103 creditului pentru companii. Ele sunt \u0219i vor fi \u00een prima linie a crizei economice - Asocia\u021bia Rom\u00e2n\u0103 a B\u0103ncilor (ARB)","isPartOf":{"@id":"https:\/\/www.arb.ro\/#website"},"primaryImageOfPage":{"@id":"https:\/\/www.arb.ro\/en\/sergiu-oprescu-arb-bancile-vor-finanta-revenirea-economiei-dand-o-atentie-sporita-creditului-pentru-companii-ele-sunt-si-vor-fi-in-prima-linie-a-crizei-economice\/#primaryimage"},"image":{"@id":"https:\/\/www.arb.ro\/en\/sergiu-oprescu-arb-bancile-vor-finanta-revenirea-economiei-dand-o-atentie-sporita-creditului-pentru-companii-ele-sunt-si-vor-fi-in-prima-linie-a-crizei-economice\/#primaryimage"},"thumbnailUrl":"https:\/\/www.arb.ro\/wp-content\/uploads\/sergiu-oprescu-1024x683-1.jpg","datePublished":"2020-05-06T10:45:46+00:00","dateModified":"2024-01-20T10:26:19+00:00","breadcrumb":{"@id":"https:\/\/www.arb.ro\/en\/sergiu-oprescu-arb-bancile-vor-finanta-revenirea-economiei-dand-o-atentie-sporita-creditului-pentru-companii-ele-sunt-si-vor-fi-in-prima-linie-a-crizei-economice\/#breadcrumb"},"inLanguage":"en-US","potentialAction":[{"@type":"ReadAction","target":["https:\/\/www.arb.ro\/en\/sergiu-oprescu-arb-bancile-vor-finanta-revenirea-economiei-dand-o-atentie-sporita-creditului-pentru-companii-ele-sunt-si-vor-fi-in-prima-linie-a-crizei-economice\/"]}]},{"@type":"ImageObject","inLanguage":"en-US","@id":"https:\/\/www.arb.ro\/en\/sergiu-oprescu-arb-bancile-vor-finanta-revenirea-economiei-dand-o-atentie-sporita-creditului-pentru-companii-ele-sunt-si-vor-fi-in-prima-linie-a-crizei-economice\/#primaryimage","url":"https:\/\/www.arb.ro\/wp-content\/uploads\/sergiu-oprescu-1024x683-1.jpg","contentUrl":"https:\/\/www.arb.ro\/wp-content\/uploads\/sergiu-oprescu-1024x683-1.jpg","width":1024,"height":683},{"@type":"BreadcrumbList","@id":"https:\/\/www.arb.ro\/en\/sergiu-oprescu-arb-bancile-vor-finanta-revenirea-economiei-dand-o-atentie-sporita-creditului-pentru-companii-ele-sunt-si-vor-fi-in-prima-linie-a-crizei-economice\/#breadcrumb","itemListElement":[{"@type":"ListItem","position":1,"name":"Home","item":"https:\/\/www.arb.ro\/"},{"@type":"ListItem","position":2,"name":"Sergiu Oprescu, ARB: B\u0103ncile vor finan\u021ba revenirea economiei, d\u00e2nd o aten\u021bie sporit\u0103 creditului pentru companii. Ele sunt \u0219i vor fi \u00een prima linie a crizei economice"}]},{"@type":"WebSite","@id":"https:\/\/www.arb.ro\/#website","url":"https:\/\/www.arb.ro\/","name":"Asocia\u021bia Rom\u00e2n\u0103 a B\u0103ncilor (ARB)","description":"Romanian Association of Banks","publisher":{"@id":"https:\/\/www.arb.ro\/#organization"},"potentialAction":[{"@type":"SearchAction","target":{"@type":"EntryPoint","urlTemplate":"https:\/\/www.arb.ro\/?s={search_term_string}"},"query-input":{"@type":"PropertyValueSpecification","valueRequired":true,"valueName":"search_term_string"}}],"inLanguage":"en-US"},{"@type":"Organization","@id":"https:\/\/www.arb.ro\/#organization","name":"Asocia\u021bia Rom\u00e2n\u0103 a B\u0103ncilor (ARB)","url":"https:\/\/www.arb.ro\/","logo":{"@type":"ImageObject","inLanguage":"en-US","@id":"https:\/\/www.arb.ro\/#\/schema\/logo\/image\/","url":"https:\/\/www.arb.ro\/wp-content\/uploads\/ARB_35_TRANSPARENCY.png","contentUrl":"https:\/\/www.arb.ro\/wp-content\/uploads\/ARB_35_TRANSPARENCY.png","width":1820,"height":1987,"caption":"Asocia\u021bia Rom\u00e2n\u0103 a B\u0103ncilor (ARB)"},"image":{"@id":"https:\/\/www.arb.ro\/#\/schema\/logo\/image\/"}},{"@type":"Person","@id":"https:\/\/www.arb.ro\/#\/schema\/person\/dee91fbc10f29d0338e589f6bc22010f","name":"Julius","image":{"@type":"ImageObject","inLanguage":"en-US","@id":"https:\/\/secure.gravatar.com\/avatar\/a150566e73bdc5dcfc20cd2566475302134db2bf8a825e694a349ea596e418c9?s=96&d=mm&r=g","url":"https:\/\/secure.gravatar.com\/avatar\/a150566e73bdc5dcfc20cd2566475302134db2bf8a825e694a349ea596e418c9?s=96&d=mm&r=g","contentUrl":"https:\/\/secure.gravatar.com\/avatar\/a150566e73bdc5dcfc20cd2566475302134db2bf8a825e694a349ea596e418c9?s=96&d=mm&r=g","caption":"Julius"},"url":"https:\/\/www.arb.ro\/en\/author\/iulianr\/"}]}},"_links":{"self":[{"href":"https:\/\/www.arb.ro\/en\/wp-json\/wp\/v2\/posts\/939800","targetHints":{"allow":["GET"]}}],"collection":[{"href":"https:\/\/www.arb.ro\/en\/wp-json\/wp\/v2\/posts"}],"about":[{"href":"https:\/\/www.arb.ro\/en\/wp-json\/wp\/v2\/types\/post"}],"author":[{"embeddable":true,"href":"https:\/\/www.arb.ro\/en\/wp-json\/wp\/v2\/users\/3"}],"replies":[{"embeddable":true,"href":"https:\/\/www.arb.ro\/en\/wp-json\/wp\/v2\/comments?post=939800"}],"version-history":[{"count":0,"href":"https:\/\/www.arb.ro\/en\/wp-json\/wp\/v2\/posts\/939800\/revisions"}],"wp:featuredmedia":[{"embeddable":true,"href":"https:\/\/www.arb.ro\/en\/wp-json\/wp\/v2\/media\/1278906"}],"wp:attachment":[{"href":"https:\/\/www.arb.ro\/en\/wp-json\/wp\/v2\/media?parent=939800"}],"wp:term":[{"taxonomy":"category","embeddable":true,"href":"https:\/\/www.arb.ro\/en\/wp-json\/wp\/v2\/categories?post=939800"},{"taxonomy":"post_tag","embeddable":true,"href":"https:\/\/www.arb.ro\/en\/wp-json\/wp\/v2\/tags?post=939800"}],"curies":[{"name":"wp","href":"https:\/\/api.w.org\/{rel}","templated":true}]}}