{"id":5799,"date":"2016-07-07T15:55:54","date_gmt":"2016-07-07T12:55:54","guid":{"rendered":"https:\/\/www.arb.ro\/?p=5799"},"modified":"2024-01-28T10:33:47","modified_gmt":"2024-01-28T08:33:47","slug":"conferinta-de-presa-arb-creditarea-economiei-reale-si-impactul-legislatiei-asupra-modelului-de-business","status":"publish","type":"post","link":"https:\/\/www.arb.ro\/en\/conferinta-de-presa-arb-creditarea-economiei-reale-si-impactul-legislatiei-asupra-modelului-de-business\/","title":{"rendered":"Conferinta de presa ARB &#8211; Creditarea economiei reale"},"content":{"rendered":"<div data-elementor-type=\"wp-post\" data-elementor-id=\"5799\" class=\"elementor elementor-5799\" data-elementor-post-type=\"post\">\n\t\t\t\t<div class=\"elementor-element elementor-element-64b2a1d5 e-flex e-con-boxed e-con e-parent\" data-id=\"64b2a1d5\" data-element_type=\"container\" data-e-type=\"container\">\n\t\t\t\t\t<div class=\"e-con-inner\">\n\t\t\t\t<div class=\"elementor-element elementor-element-37324fc7 elementor-widget elementor-widget-text-editor\" data-id=\"37324fc7\" data-element_type=\"widget\" data-e-type=\"widget\" data-widget_type=\"text-editor.default\">\n\t\t\t\t<div class=\"elementor-widget-container\">\n\t\t\t\t\t\t\t\t\t<p>Conferin\u021ba de pres\u0103 sus\u021binut\u0103 de membrii Consiliului Director cu titlul<strong> &#8222;Creditarea economiei reale \u0219i impactul legisla\u021biei asupra modelului de business&#8221;.<\/strong><br \/>Prezentarea \u201cCreditarea economiei reale \u0219i impactul legisla\u021biei\u201c &#8211; Sergiu Oprescu, Pre\u0219edintele Consiliului Director al ARB<\/p>\t\t\t\t\t\t\t\t<\/div>\n\t\t\t\t<\/div>\n\t\t\t\t<div class=\"elementor-element elementor-element-acdbbfd elementor-widget elementor-widget-button\" data-id=\"acdbbfd\" data-element_type=\"widget\" data-e-type=\"widget\" data-widget_type=\"button.default\">\n\t\t\t\t<div class=\"elementor-widget-container\">\n\t\t\t\t\t\t\t\t\t<div class=\"elementor-button-wrapper\">\n\t\t\t\t\t<a class=\"elementor-button elementor-button-link elementor-size-sm\" href=\"\/wp-content\/uploads\/CP_ARB_7iulie2016_SOprescu.pdf\">\n\t\t\t\t\t\t<span class=\"elementor-button-content-wrapper\">\n\t\t\t\t\t\t\t\t\t<span class=\"elementor-button-text\">Download<\/span>\n\t\t\t\t\t<\/span>\n\t\t\t\t\t<\/a>\n\t\t\t\t<\/div>\n\t\t\t\t\t\t\t\t<\/div>\n\t\t\t\t<\/div>\n\t\t\t\t<div class=\"elementor-element elementor-element-9e7cdd0 elementor-widget elementor-widget-gallery\" data-id=\"9e7cdd0\" data-element_type=\"widget\" data-e-type=\"widget\" data-settings=\"{&quot;lazyload&quot;:&quot;yes&quot;,&quot;gallery_layout&quot;:&quot;grid&quot;,&quot;columns&quot;:4,&quot;columns_tablet&quot;:2,&quot;columns_mobile&quot;:1,&quot;gap&quot;:{&quot;unit&quot;:&quot;px&quot;,&quot;size&quot;:10,&quot;sizes&quot;:[]},&quot;gap_widescreen&quot;:{&quot;unit&quot;:&quot;px&quot;,&quot;size&quot;:&quot;&quot;,&quot;sizes&quot;:[]},&quot;gap_laptop&quot;:{&quot;unit&quot;:&quot;px&quot;,&quot;size&quot;:10,&quot;sizes&quot;:[]},&quot;gap_tablet_extra&quot;:{&quot;unit&quot;:&quot;px&quot;,&quot;size&quot;:10,&quot;sizes&quot;:[]},&quot;gap_tablet&quot;:{&quot;unit&quot;:&quot;px&quot;,&quot;size&quot;:10,&quot;sizes&quot;:[]},&quot;gap_mobile_extra&quot;:{&quot;unit&quot;:&quot;px&quot;,&quot;size&quot;:10,&quot;sizes&quot;:[]},&quot;gap_mobile&quot;:{&quot;unit&quot;:&quot;px&quot;,&quot;size&quot;:10,&quot;sizes&quot;:[]},&quot;link_to&quot;:&quot;file&quot;,&quot;aspect_ratio&quot;:&quot;3:2&quot;,&quot;overlay_background&quot;:&quot;yes&quot;,&quot;content_hover_animation&quot;:&quot;fade-in&quot;}\" data-widget_type=\"gallery.default\">\n\t\t\t\t<div class=\"elementor-widget-container\">\n\t\t\t\t\t\t\t<div class=\"elementor-gallery__container\">\n\t\t\t\t\t\t\t<a class=\"e-gallery-item elementor-gallery-item elementor-animated-content\" href=\"https:\/\/www.arb.ro\/wp-content\/uploads\/CP_Creditare_07072016_11-scaled.jpg\" data-elementor-open-lightbox=\"yes\" data-elementor-lightbox-slideshow=\"9e7cdd0\" data-elementor-lightbox-title=\"CP_Creditare_07072016_11\" data-e-action-hash=\"#elementor-action%3Aaction%3Dlightbox%26settings%3DeyJpZCI6MjY0NTk0MCwidXJsIjoiaHR0cHM6XC9cL3d3dy5hcmIucm9cL3dwLWNvbnRlbnRcL3VwbG9hZHNcL0NQX0NyZWRpdGFyZV8wNzA3MjAxNl8xMS1zY2FsZWQuanBnIiwic2xpZGVzaG93IjoiOWU3Y2RkMCJ9\">\n\t\t\t\t\t<div class=\"e-gallery-image elementor-gallery-item__image\" data-thumbnail=\"https:\/\/www.arb.ro\/wp-content\/uploads\/CP_Creditare_07072016_11-300x200.jpg\" data-width=\"300\" data-height=\"200\" aria-label=\"\" role=\"img\" ><\/div>\n\t\t\t\t\t\t\t\t\t\t\t<div class=\"elementor-gallery-item__overlay\"><\/div>\n\t\t\t\t\t\t\t\t\t\t\t\t\t\t<\/a>\n\t\t\t\t\t\t\t<a class=\"e-gallery-item elementor-gallery-item elementor-animated-content\" href=\"https:\/\/www.arb.ro\/wp-content\/uploads\/CP_Creditare_07072016_10-scaled.jpg\" data-elementor-open-lightbox=\"yes\" data-elementor-lightbox-slideshow=\"9e7cdd0\" data-elementor-lightbox-title=\"CP_Creditare_07072016_10\" data-e-action-hash=\"#elementor-action%3Aaction%3Dlightbox%26settings%3DeyJpZCI6MjY0NTkzOSwidXJsIjoiaHR0cHM6XC9cL3d3dy5hcmIucm9cL3dwLWNvbnRlbnRcL3VwbG9hZHNcL0NQX0NyZWRpdGFyZV8wNzA3MjAxNl8xMC1zY2FsZWQuanBnIiwic2xpZGVzaG93IjoiOWU3Y2RkMCJ9\">\n\t\t\t\t\t<div class=\"e-gallery-image elementor-gallery-item__image\" data-thumbnail=\"https:\/\/www.arb.ro\/wp-content\/uploads\/CP_Creditare_07072016_10-300x200.jpg\" data-width=\"300\" data-height=\"200\" aria-label=\"\" role=\"img\" ><\/div>\n\t\t\t\t\t\t\t\t\t\t\t<div class=\"elementor-gallery-item__overlay\"><\/div>\n\t\t\t\t\t\t\t\t\t\t\t\t\t\t<\/a>\n\t\t\t\t\t\t\t<a class=\"e-gallery-item elementor-gallery-item elementor-animated-content\" href=\"https:\/\/www.arb.ro\/wp-content\/uploads\/CP_Creditare_07072016_09-scaled.jpg\" data-elementor-open-lightbox=\"yes\" data-elementor-lightbox-slideshow=\"9e7cdd0\" data-elementor-lightbox-title=\"CP_Creditare_07072016_09\" data-e-action-hash=\"#elementor-action%3Aaction%3Dlightbox%26settings%3DeyJpZCI6MjY0NTkzOCwidXJsIjoiaHR0cHM6XC9cL3d3dy5hcmIucm9cL3dwLWNvbnRlbnRcL3VwbG9hZHNcL0NQX0NyZWRpdGFyZV8wNzA3MjAxNl8wOS1zY2FsZWQuanBnIiwic2xpZGVzaG93IjoiOWU3Y2RkMCJ9\">\n\t\t\t\t\t<div class=\"e-gallery-image elementor-gallery-item__image\" data-thumbnail=\"https:\/\/www.arb.ro\/wp-content\/uploads\/CP_Creditare_07072016_09-300x200.jpg\" data-width=\"300\" data-height=\"200\" aria-label=\"\" role=\"img\" ><\/div>\n\t\t\t\t\t\t\t\t\t\t\t<div class=\"elementor-gallery-item__overlay\"><\/div>\n\t\t\t\t\t\t\t\t\t\t\t\t\t\t<\/a>\n\t\t\t\t\t\t\t<a class=\"e-gallery-item elementor-gallery-item elementor-animated-content\" href=\"https:\/\/www.arb.ro\/wp-content\/uploads\/CP_Creditare_07072016_08-scaled.jpg\" data-elementor-open-lightbox=\"yes\" data-elementor-lightbox-slideshow=\"9e7cdd0\" data-elementor-lightbox-title=\"CP_Creditare_07072016_08\" data-e-action-hash=\"#elementor-action%3Aaction%3Dlightbox%26settings%3DeyJpZCI6MjY0NTkzNywidXJsIjoiaHR0cHM6XC9cL3d3dy5hcmIucm9cL3dwLWNvbnRlbnRcL3VwbG9hZHNcL0NQX0NyZWRpdGFyZV8wNzA3MjAxNl8wOC1zY2FsZWQuanBnIiwic2xpZGVzaG93IjoiOWU3Y2RkMCJ9\">\n\t\t\t\t\t<div class=\"e-gallery-image elementor-gallery-item__image\" data-thumbnail=\"https:\/\/www.arb.ro\/wp-content\/uploads\/CP_Creditare_07072016_08-300x200.jpg\" data-width=\"300\" data-height=\"200\" aria-label=\"\" role=\"img\" ><\/div>\n\t\t\t\t\t\t\t\t\t\t\t<div class=\"elementor-gallery-item__overlay\"><\/div>\n\t\t\t\t\t\t\t\t\t\t\t\t\t\t<\/a>\n\t\t\t\t\t\t\t<a class=\"e-gallery-item elementor-gallery-item elementor-animated-content\" href=\"https:\/\/www.arb.ro\/wp-content\/uploads\/CP_Creditare_07072016_07-scaled.jpg\" data-elementor-open-lightbox=\"yes\" data-elementor-lightbox-slideshow=\"9e7cdd0\" data-elementor-lightbox-title=\"CP_Creditare_07072016_07\" data-e-action-hash=\"#elementor-action%3Aaction%3Dlightbox%26settings%3DeyJpZCI6MjY0NTkzNiwidXJsIjoiaHR0cHM6XC9cL3d3dy5hcmIucm9cL3dwLWNvbnRlbnRcL3VwbG9hZHNcL0NQX0NyZWRpdGFyZV8wNzA3MjAxNl8wNy1zY2FsZWQuanBnIiwic2xpZGVzaG93IjoiOWU3Y2RkMCJ9\">\n\t\t\t\t\t<div class=\"e-gallery-image elementor-gallery-item__image\" data-thumbnail=\"https:\/\/www.arb.ro\/wp-content\/uploads\/CP_Creditare_07072016_07-300x200.jpg\" data-width=\"300\" data-height=\"200\" aria-label=\"\" role=\"img\" ><\/div>\n\t\t\t\t\t\t\t\t\t\t\t<div class=\"elementor-gallery-item__overlay\"><\/div>\n\t\t\t\t\t\t\t\t\t\t\t\t\t\t<\/a>\n\t\t\t\t\t\t\t<a class=\"e-gallery-item elementor-gallery-item elementor-animated-content\" href=\"https:\/\/www.arb.ro\/wp-content\/uploads\/CP_Creditare_07072016_06-scaled.jpg\" data-elementor-open-lightbox=\"yes\" data-elementor-lightbox-slideshow=\"9e7cdd0\" data-elementor-lightbox-title=\"CP_Creditare_07072016_06\" data-e-action-hash=\"#elementor-action%3Aaction%3Dlightbox%26settings%3DeyJpZCI6MjY0NTkzNSwidXJsIjoiaHR0cHM6XC9cL3d3dy5hcmIucm9cL3dwLWNvbnRlbnRcL3VwbG9hZHNcL0NQX0NyZWRpdGFyZV8wNzA3MjAxNl8wNi1zY2FsZWQuanBnIiwic2xpZGVzaG93IjoiOWU3Y2RkMCJ9\">\n\t\t\t\t\t<div class=\"e-gallery-image elementor-gallery-item__image\" data-thumbnail=\"https:\/\/www.arb.ro\/wp-content\/uploads\/CP_Creditare_07072016_06-300x200.jpg\" data-width=\"300\" data-height=\"200\" aria-label=\"\" role=\"img\" ><\/div>\n\t\t\t\t\t\t\t\t\t\t\t<div class=\"elementor-gallery-item__overlay\"><\/div>\n\t\t\t\t\t\t\t\t\t\t\t\t\t\t<\/a>\n\t\t\t\t\t\t\t<a class=\"e-gallery-item elementor-gallery-item elementor-animated-content\" href=\"https:\/\/www.arb.ro\/wp-content\/uploads\/CP_Creditare_07072016_05-scaled.jpg\" data-elementor-open-lightbox=\"yes\" data-elementor-lightbox-slideshow=\"9e7cdd0\" data-elementor-lightbox-title=\"CP_Creditare_07072016_05\" data-e-action-hash=\"#elementor-action%3Aaction%3Dlightbox%26settings%3DeyJpZCI6MjY0NTkzNCwidXJsIjoiaHR0cHM6XC9cL3d3dy5hcmIucm9cL3dwLWNvbnRlbnRcL3VwbG9hZHNcL0NQX0NyZWRpdGFyZV8wNzA3MjAxNl8wNS1zY2FsZWQuanBnIiwic2xpZGVzaG93IjoiOWU3Y2RkMCJ9\">\n\t\t\t\t\t<div class=\"e-gallery-image elementor-gallery-item__image\" data-thumbnail=\"https:\/\/www.arb.ro\/wp-content\/uploads\/CP_Creditare_07072016_05-300x200.jpg\" data-width=\"300\" data-height=\"200\" aria-label=\"\" role=\"img\" ><\/div>\n\t\t\t\t\t\t\t\t\t\t\t<div class=\"elementor-gallery-item__overlay\"><\/div>\n\t\t\t\t\t\t\t\t\t\t\t\t\t\t<\/a>\n\t\t\t\t\t\t\t<a class=\"e-gallery-item elementor-gallery-item elementor-animated-content\" href=\"https:\/\/www.arb.ro\/wp-content\/uploads\/CP_Creditare_07072016_04-scaled.jpg\" data-elementor-open-lightbox=\"yes\" data-elementor-lightbox-slideshow=\"9e7cdd0\" data-elementor-lightbox-title=\"CP_Creditare_07072016_04\" data-e-action-hash=\"#elementor-action%3Aaction%3Dlightbox%26settings%3DeyJpZCI6MjY0NTkzMywidXJsIjoiaHR0cHM6XC9cL3d3dy5hcmIucm9cL3dwLWNvbnRlbnRcL3VwbG9hZHNcL0NQX0NyZWRpdGFyZV8wNzA3MjAxNl8wNC1zY2FsZWQuanBnIiwic2xpZGVzaG93IjoiOWU3Y2RkMCJ9\">\n\t\t\t\t\t<div class=\"e-gallery-image elementor-gallery-item__image\" data-thumbnail=\"https:\/\/www.arb.ro\/wp-content\/uploads\/CP_Creditare_07072016_04-300x200.jpg\" data-width=\"300\" data-height=\"200\" aria-label=\"\" role=\"img\" ><\/div>\n\t\t\t\t\t\t\t\t\t\t\t<div class=\"elementor-gallery-item__overlay\"><\/div>\n\t\t\t\t\t\t\t\t\t\t\t\t\t\t<\/a>\n\t\t\t\t\t\t\t<a class=\"e-gallery-item elementor-gallery-item elementor-animated-content\" href=\"https:\/\/www.arb.ro\/wp-content\/uploads\/CP_Creditare_07072016_03-scaled.jpg\" data-elementor-open-lightbox=\"yes\" data-elementor-lightbox-slideshow=\"9e7cdd0\" data-elementor-lightbox-title=\"CP_Creditare_07072016_03\" data-e-action-hash=\"#elementor-action%3Aaction%3Dlightbox%26settings%3DeyJpZCI6MjY0NTkzMiwidXJsIjoiaHR0cHM6XC9cL3d3dy5hcmIucm9cL3dwLWNvbnRlbnRcL3VwbG9hZHNcL0NQX0NyZWRpdGFyZV8wNzA3MjAxNl8wMy1zY2FsZWQuanBnIiwic2xpZGVzaG93IjoiOWU3Y2RkMCJ9\">\n\t\t\t\t\t<div class=\"e-gallery-image elementor-gallery-item__image\" data-thumbnail=\"https:\/\/www.arb.ro\/wp-content\/uploads\/CP_Creditare_07072016_03-300x200.jpg\" data-width=\"300\" data-height=\"200\" aria-label=\"\" role=\"img\" ><\/div>\n\t\t\t\t\t\t\t\t\t\t\t<div class=\"elementor-gallery-item__overlay\"><\/div>\n\t\t\t\t\t\t\t\t\t\t\t\t\t\t<\/a>\n\t\t\t\t\t\t\t<a class=\"e-gallery-item elementor-gallery-item elementor-animated-content\" href=\"https:\/\/www.arb.ro\/wp-content\/uploads\/CP_Creditare_07072016_02-scaled.jpg\" data-elementor-open-lightbox=\"yes\" data-elementor-lightbox-slideshow=\"9e7cdd0\" data-elementor-lightbox-title=\"CP_Creditare_07072016_02\" data-e-action-hash=\"#elementor-action%3Aaction%3Dlightbox%26settings%3DeyJpZCI6MjY0NTkzMSwidXJsIjoiaHR0cHM6XC9cL3d3dy5hcmIucm9cL3dwLWNvbnRlbnRcL3VwbG9hZHNcL0NQX0NyZWRpdGFyZV8wNzA3MjAxNl8wMi1zY2FsZWQuanBnIiwic2xpZGVzaG93IjoiOWU3Y2RkMCJ9\">\n\t\t\t\t\t<div class=\"e-gallery-image elementor-gallery-item__image\" data-thumbnail=\"https:\/\/www.arb.ro\/wp-content\/uploads\/CP_Creditare_07072016_02-300x200.jpg\" data-width=\"300\" data-height=\"200\" aria-label=\"\" role=\"img\" ><\/div>\n\t\t\t\t\t\t\t\t\t\t\t<div class=\"elementor-gallery-item__overlay\"><\/div>\n\t\t\t\t\t\t\t\t\t\t\t\t\t\t<\/a>\n\t\t\t\t\t\t\t<a class=\"e-gallery-item elementor-gallery-item elementor-animated-content\" href=\"https:\/\/www.arb.ro\/wp-content\/uploads\/CP_Creditare_07072016_01-scaled.jpg\" data-elementor-open-lightbox=\"yes\" data-elementor-lightbox-slideshow=\"9e7cdd0\" data-elementor-lightbox-title=\"CP_Creditare_07072016_01\" data-e-action-hash=\"#elementor-action%3Aaction%3Dlightbox%26settings%3DeyJpZCI6MjY0NTkzMCwidXJsIjoiaHR0cHM6XC9cL3d3dy5hcmIucm9cL3dwLWNvbnRlbnRcL3VwbG9hZHNcL0NQX0NyZWRpdGFyZV8wNzA3MjAxNl8wMS1zY2FsZWQuanBnIiwic2xpZGVzaG93IjoiOWU3Y2RkMCJ9\">\n\t\t\t\t\t<div class=\"e-gallery-image elementor-gallery-item__image\" data-thumbnail=\"https:\/\/www.arb.ro\/wp-content\/uploads\/CP_Creditare_07072016_01-300x200.jpg\" data-width=\"300\" data-height=\"200\" aria-label=\"\" role=\"img\" ><\/div>\n\t\t\t\t\t\t\t\t\t\t\t<div class=\"elementor-gallery-item__overlay\"><\/div>\n\t\t\t\t\t\t\t\t\t\t\t\t\t\t<\/a>\n\t\t\t\t\t<\/div>\n\t\t\t\t\t<\/div>\n\t\t\t\t<\/div>\n\t\t\t\t\t<\/div>\n\t\t\t\t<\/div>\n\t\t\t\t<\/div>","protected":false},"excerpt":{"rendered":"<p>Conferin\u021ba de pres\u0103 sus\u021binut\u0103 de membrii Consiliului Director cu titlul &#8222;Creditarea economiei reale \u0219i impactul legisla\u021biei asupra modelului de business&#8221;.Prezentarea \u201cCreditarea economiei reale \u0219i impactul legisla\u021biei\u201c &#8211; Sergiu Oprescu, Pre\u0219edintele Consiliului Director al ARB Desc\u0103rca\u021bi<\/p>","protected":false},"author":3,"featured_media":2645935,"comment_status":"closed","ping_status":"closed","sticky":false,"template":"","format":"standard","meta":{"inline_featured_image":false,"footnotes":""},"categories":[39],"tags":[],"class_list":["post-5799","post","type-post","status-publish","format-standard","has-post-thumbnail","hentry","category-evenimente"],"acf":[],"yoast_head":"<!-- This site is optimized with the Yoast SEO plugin v27.4 - https:\/\/yoast.com\/product\/yoast-seo-wordpress\/ -->\n<title>Conferinta de presa ARB - Creditarea economiei reale - Asocia\u021bia Rom\u00e2n\u0103 a B\u0103ncilor (ARB)<\/title>\n<meta name=\"robots\" content=\"index, follow, max-snippet:-1, max-image-preview:large, max-video-preview:-1\" \/>\n<link rel=\"canonical\" href=\"https:\/\/www.arb.ro\/en\/conferinta-de-presa-arb-creditarea-economiei-reale-si-impactul-legislatiei-asupra-modelului-de-business\/\" \/>\n<meta property=\"og:locale\" content=\"en_US\" \/>\n<meta property=\"og:type\" content=\"article\" \/>\n<meta property=\"og:title\" content=\"Conferinta de presa ARB - Creditarea economiei reale - Asocia\u021bia Rom\u00e2n\u0103 a B\u0103ncilor (ARB)\" \/>\n<meta property=\"og:description\" content=\"Conferin\u021ba de pres\u0103 sus\u021binut\u0103 de membrii Consiliului Director cu titlul &#8222;Creditarea economiei reale \u0219i impactul legisla\u021biei asupra modelului de business&#8221;.Prezentarea \u201cCreditarea economiei reale \u0219i impactul legisla\u021biei\u201c &#8211; Sergiu Oprescu, Pre\u0219edintele Consiliului Director al ARB Desc\u0103rca\u021bi\" \/>\n<meta property=\"og:url\" content=\"https:\/\/www.arb.ro\/en\/conferinta-de-presa-arb-creditarea-economiei-reale-si-impactul-legislatiei-asupra-modelului-de-business\/\" \/>\n<meta property=\"og:site_name\" content=\"Asocia\u021bia Rom\u00e2n\u0103 a B\u0103ncilor (ARB)\" \/>\n<meta property=\"article:published_time\" content=\"2016-07-07T12:55:54+00:00\" \/>\n<meta property=\"article:modified_time\" content=\"2024-01-28T08:33:47+00:00\" \/>\n<meta property=\"og:image\" content=\"https:\/\/www.arb.ro\/wp-content\/uploads\/CP_Creditare_07072016_06-scaled.jpg\" \/>\n\t<meta property=\"og:image:width\" content=\"2560\" \/>\n\t<meta property=\"og:image:height\" content=\"1706\" \/>\n\t<meta property=\"og:image:type\" content=\"image\/jpeg\" \/>\n<meta name=\"author\" content=\"Julius\" \/>\n<meta name=\"twitter:card\" content=\"summary_large_image\" \/>\n<meta name=\"twitter:label1\" content=\"Written by\" \/>\n\t<meta name=\"twitter:data1\" content=\"Julius\" \/>\n<script type=\"application\/ld+json\" class=\"yoast-schema-graph\">{\"@context\":\"https:\\\/\\\/schema.org\",\"@graph\":[{\"@type\":\"Article\",\"@id\":\"https:\\\/\\\/www.arb.ro\\\/en\\\/conferinta-de-presa-arb-creditarea-economiei-reale-si-impactul-legislatiei-asupra-modelului-de-business\\\/#article\",\"isPartOf\":{\"@id\":\"https:\\\/\\\/www.arb.ro\\\/en\\\/conferinta-de-presa-arb-creditarea-economiei-reale-si-impactul-legislatiei-asupra-modelului-de-business\\\/\"},\"author\":{\"name\":\"Julius\",\"@id\":\"https:\\\/\\\/www.arb.ro\\\/#\\\/schema\\\/person\\\/dee91fbc10f29d0338e589f6bc22010f\"},\"headline\":\"Conferinta de presa ARB &#8211; Creditarea economiei reale\",\"datePublished\":\"2016-07-07T12:55:54+00:00\",\"dateModified\":\"2024-01-28T08:33:47+00:00\",\"mainEntityOfPage\":{\"@id\":\"https:\\\/\\\/www.arb.ro\\\/en\\\/conferinta-de-presa-arb-creditarea-economiei-reale-si-impactul-legislatiei-asupra-modelului-de-business\\\/\"},\"wordCount\":51,\"publisher\":{\"@id\":\"https:\\\/\\\/www.arb.ro\\\/#organization\"},\"image\":{\"@id\":\"https:\\\/\\\/www.arb.ro\\\/en\\\/conferinta-de-presa-arb-creditarea-economiei-reale-si-impactul-legislatiei-asupra-modelului-de-business\\\/#primaryimage\"},\"thumbnailUrl\":\"https:\\\/\\\/www.arb.ro\\\/wp-content\\\/uploads\\\/CP_Creditare_07072016_06-scaled.jpg\",\"articleSection\":[\"Evenimente\"],\"inLanguage\":\"en-US\"},{\"@type\":\"WebPage\",\"@id\":\"https:\\\/\\\/www.arb.ro\\\/en\\\/conferinta-de-presa-arb-creditarea-economiei-reale-si-impactul-legislatiei-asupra-modelului-de-business\\\/\",\"url\":\"https:\\\/\\\/www.arb.ro\\\/en\\\/conferinta-de-presa-arb-creditarea-economiei-reale-si-impactul-legislatiei-asupra-modelului-de-business\\\/\",\"name\":\"Conferinta de presa ARB - Creditarea economiei reale - Asocia\u021bia Rom\u00e2n\u0103 a B\u0103ncilor (ARB)\",\"isPartOf\":{\"@id\":\"https:\\\/\\\/www.arb.ro\\\/#website\"},\"primaryImageOfPage\":{\"@id\":\"https:\\\/\\\/www.arb.ro\\\/en\\\/conferinta-de-presa-arb-creditarea-economiei-reale-si-impactul-legislatiei-asupra-modelului-de-business\\\/#primaryimage\"},\"image\":{\"@id\":\"https:\\\/\\\/www.arb.ro\\\/en\\\/conferinta-de-presa-arb-creditarea-economiei-reale-si-impactul-legislatiei-asupra-modelului-de-business\\\/#primaryimage\"},\"thumbnailUrl\":\"https:\\\/\\\/www.arb.ro\\\/wp-content\\\/uploads\\\/CP_Creditare_07072016_06-scaled.jpg\",\"datePublished\":\"2016-07-07T12:55:54+00:00\",\"dateModified\":\"2024-01-28T08:33:47+00:00\",\"breadcrumb\":{\"@id\":\"https:\\\/\\\/www.arb.ro\\\/en\\\/conferinta-de-presa-arb-creditarea-economiei-reale-si-impactul-legislatiei-asupra-modelului-de-business\\\/#breadcrumb\"},\"inLanguage\":\"en-US\",\"potentialAction\":[{\"@type\":\"ReadAction\",\"target\":[\"https:\\\/\\\/www.arb.ro\\\/en\\\/conferinta-de-presa-arb-creditarea-economiei-reale-si-impactul-legislatiei-asupra-modelului-de-business\\\/\"]}]},{\"@type\":\"ImageObject\",\"inLanguage\":\"en-US\",\"@id\":\"https:\\\/\\\/www.arb.ro\\\/en\\\/conferinta-de-presa-arb-creditarea-economiei-reale-si-impactul-legislatiei-asupra-modelului-de-business\\\/#primaryimage\",\"url\":\"https:\\\/\\\/www.arb.ro\\\/wp-content\\\/uploads\\\/CP_Creditare_07072016_06-scaled.jpg\",\"contentUrl\":\"https:\\\/\\\/www.arb.ro\\\/wp-content\\\/uploads\\\/CP_Creditare_07072016_06-scaled.jpg\",\"width\":2560,\"height\":1706},{\"@type\":\"BreadcrumbList\",\"@id\":\"https:\\\/\\\/www.arb.ro\\\/en\\\/conferinta-de-presa-arb-creditarea-economiei-reale-si-impactul-legislatiei-asupra-modelului-de-business\\\/#breadcrumb\",\"itemListElement\":[{\"@type\":\"ListItem\",\"position\":1,\"name\":\"Home\",\"item\":\"https:\\\/\\\/www.arb.ro\\\/\"},{\"@type\":\"ListItem\",\"position\":2,\"name\":\"Conferinta de presa ARB &#8211; Creditarea economiei reale\"}]},{\"@type\":\"WebSite\",\"@id\":\"https:\\\/\\\/www.arb.ro\\\/#website\",\"url\":\"https:\\\/\\\/www.arb.ro\\\/\",\"name\":\"Asocia\u021bia Rom\u00e2n\u0103 a B\u0103ncilor (ARB)\",\"description\":\"Asocia\u021bia Rom\u00e2n\u0103 a B\u0103ncilor\",\"publisher\":{\"@id\":\"https:\\\/\\\/www.arb.ro\\\/#organization\"},\"potentialAction\":[{\"@type\":\"SearchAction\",\"target\":{\"@type\":\"EntryPoint\",\"urlTemplate\":\"https:\\\/\\\/www.arb.ro\\\/?s={search_term_string}\"},\"query-input\":{\"@type\":\"PropertyValueSpecification\",\"valueRequired\":true,\"valueName\":\"search_term_string\"}}],\"inLanguage\":\"en-US\"},{\"@type\":\"Organization\",\"@id\":\"https:\\\/\\\/www.arb.ro\\\/#organization\",\"name\":\"Asocia\u021bia Rom\u00e2n\u0103 a B\u0103ncilor (ARB)\",\"url\":\"https:\\\/\\\/www.arb.ro\\\/\",\"logo\":{\"@type\":\"ImageObject\",\"inLanguage\":\"en-US\",\"@id\":\"https:\\\/\\\/www.arb.ro\\\/#\\\/schema\\\/logo\\\/image\\\/\",\"url\":\"https:\\\/\\\/www.arb.ro\\\/wp-content\\\/uploads\\\/ARB_35_TRANSPARENCY.png\",\"contentUrl\":\"https:\\\/\\\/www.arb.ro\\\/wp-content\\\/uploads\\\/ARB_35_TRANSPARENCY.png\",\"width\":1820,\"height\":1987,\"caption\":\"Asocia\u021bia Rom\u00e2n\u0103 a B\u0103ncilor (ARB)\"},\"image\":{\"@id\":\"https:\\\/\\\/www.arb.ro\\\/#\\\/schema\\\/logo\\\/image\\\/\"}},{\"@type\":\"Person\",\"@id\":\"https:\\\/\\\/www.arb.ro\\\/#\\\/schema\\\/person\\\/dee91fbc10f29d0338e589f6bc22010f\",\"name\":\"Julius\",\"image\":{\"@type\":\"ImageObject\",\"inLanguage\":\"en-US\",\"@id\":\"https:\\\/\\\/secure.gravatar.com\\\/avatar\\\/a150566e73bdc5dcfc20cd2566475302134db2bf8a825e694a349ea596e418c9?s=96&d=mm&r=g\",\"url\":\"https:\\\/\\\/secure.gravatar.com\\\/avatar\\\/a150566e73bdc5dcfc20cd2566475302134db2bf8a825e694a349ea596e418c9?s=96&d=mm&r=g\",\"contentUrl\":\"https:\\\/\\\/secure.gravatar.com\\\/avatar\\\/a150566e73bdc5dcfc20cd2566475302134db2bf8a825e694a349ea596e418c9?s=96&d=mm&r=g\",\"caption\":\"Julius\"},\"url\":\"https:\\\/\\\/www.arb.ro\\\/en\\\/author\\\/iulianr\\\/\"}]}<\/script>\n<!-- \/ Yoast SEO plugin. -->","yoast_head_json":{"title":"Conferinta de presa ARB - Creditarea economiei reale - Asocia\u021bia Rom\u00e2n\u0103 a B\u0103ncilor (ARB)","robots":{"index":"index","follow":"follow","max-snippet":"max-snippet:-1","max-image-preview":"max-image-preview:large","max-video-preview":"max-video-preview:-1"},"canonical":"https:\/\/www.arb.ro\/en\/conferinta-de-presa-arb-creditarea-economiei-reale-si-impactul-legislatiei-asupra-modelului-de-business\/","og_locale":"en_US","og_type":"article","og_title":"Conferinta de presa ARB - Creditarea economiei reale - Asocia\u021bia Rom\u00e2n\u0103 a B\u0103ncilor (ARB)","og_description":"Conferin\u021ba de pres\u0103 sus\u021binut\u0103 de membrii Consiliului Director cu titlul &#8222;Creditarea economiei reale \u0219i impactul legisla\u021biei asupra modelului de business&#8221;.Prezentarea \u201cCreditarea economiei reale \u0219i impactul legisla\u021biei\u201c &#8211; Sergiu Oprescu, Pre\u0219edintele Consiliului Director al ARB Desc\u0103rca\u021bi","og_url":"https:\/\/www.arb.ro\/en\/conferinta-de-presa-arb-creditarea-economiei-reale-si-impactul-legislatiei-asupra-modelului-de-business\/","og_site_name":"Asocia\u021bia Rom\u00e2n\u0103 a B\u0103ncilor (ARB)","article_published_time":"2016-07-07T12:55:54+00:00","article_modified_time":"2024-01-28T08:33:47+00:00","og_image":[{"width":2560,"height":1706,"url":"https:\/\/www.arb.ro\/wp-content\/uploads\/CP_Creditare_07072016_06-scaled.jpg","type":"image\/jpeg"}],"author":"Julius","twitter_card":"summary_large_image","twitter_misc":{"Written by":"Julius"},"schema":{"@context":"https:\/\/schema.org","@graph":[{"@type":"Article","@id":"https:\/\/www.arb.ro\/en\/conferinta-de-presa-arb-creditarea-economiei-reale-si-impactul-legislatiei-asupra-modelului-de-business\/#article","isPartOf":{"@id":"https:\/\/www.arb.ro\/en\/conferinta-de-presa-arb-creditarea-economiei-reale-si-impactul-legislatiei-asupra-modelului-de-business\/"},"author":{"name":"Julius","@id":"https:\/\/www.arb.ro\/#\/schema\/person\/dee91fbc10f29d0338e589f6bc22010f"},"headline":"Conferinta de presa ARB &#8211; Creditarea economiei reale","datePublished":"2016-07-07T12:55:54+00:00","dateModified":"2024-01-28T08:33:47+00:00","mainEntityOfPage":{"@id":"https:\/\/www.arb.ro\/en\/conferinta-de-presa-arb-creditarea-economiei-reale-si-impactul-legislatiei-asupra-modelului-de-business\/"},"wordCount":51,"publisher":{"@id":"https:\/\/www.arb.ro\/#organization"},"image":{"@id":"https:\/\/www.arb.ro\/en\/conferinta-de-presa-arb-creditarea-economiei-reale-si-impactul-legislatiei-asupra-modelului-de-business\/#primaryimage"},"thumbnailUrl":"https:\/\/www.arb.ro\/wp-content\/uploads\/CP_Creditare_07072016_06-scaled.jpg","articleSection":["Evenimente"],"inLanguage":"en-US"},{"@type":"WebPage","@id":"https:\/\/www.arb.ro\/en\/conferinta-de-presa-arb-creditarea-economiei-reale-si-impactul-legislatiei-asupra-modelului-de-business\/","url":"https:\/\/www.arb.ro\/en\/conferinta-de-presa-arb-creditarea-economiei-reale-si-impactul-legislatiei-asupra-modelului-de-business\/","name":"Conferinta de presa ARB - Creditarea economiei reale - Asocia\u021bia Rom\u00e2n\u0103 a B\u0103ncilor (ARB)","isPartOf":{"@id":"https:\/\/www.arb.ro\/#website"},"primaryImageOfPage":{"@id":"https:\/\/www.arb.ro\/en\/conferinta-de-presa-arb-creditarea-economiei-reale-si-impactul-legislatiei-asupra-modelului-de-business\/#primaryimage"},"image":{"@id":"https:\/\/www.arb.ro\/en\/conferinta-de-presa-arb-creditarea-economiei-reale-si-impactul-legislatiei-asupra-modelului-de-business\/#primaryimage"},"thumbnailUrl":"https:\/\/www.arb.ro\/wp-content\/uploads\/CP_Creditare_07072016_06-scaled.jpg","datePublished":"2016-07-07T12:55:54+00:00","dateModified":"2024-01-28T08:33:47+00:00","breadcrumb":{"@id":"https:\/\/www.arb.ro\/en\/conferinta-de-presa-arb-creditarea-economiei-reale-si-impactul-legislatiei-asupra-modelului-de-business\/#breadcrumb"},"inLanguage":"en-US","potentialAction":[{"@type":"ReadAction","target":["https:\/\/www.arb.ro\/en\/conferinta-de-presa-arb-creditarea-economiei-reale-si-impactul-legislatiei-asupra-modelului-de-business\/"]}]},{"@type":"ImageObject","inLanguage":"en-US","@id":"https:\/\/www.arb.ro\/en\/conferinta-de-presa-arb-creditarea-economiei-reale-si-impactul-legislatiei-asupra-modelului-de-business\/#primaryimage","url":"https:\/\/www.arb.ro\/wp-content\/uploads\/CP_Creditare_07072016_06-scaled.jpg","contentUrl":"https:\/\/www.arb.ro\/wp-content\/uploads\/CP_Creditare_07072016_06-scaled.jpg","width":2560,"height":1706},{"@type":"BreadcrumbList","@id":"https:\/\/www.arb.ro\/en\/conferinta-de-presa-arb-creditarea-economiei-reale-si-impactul-legislatiei-asupra-modelului-de-business\/#breadcrumb","itemListElement":[{"@type":"ListItem","position":1,"name":"Home","item":"https:\/\/www.arb.ro\/"},{"@type":"ListItem","position":2,"name":"Conferinta de presa ARB &#8211; Creditarea economiei reale"}]},{"@type":"WebSite","@id":"https:\/\/www.arb.ro\/#website","url":"https:\/\/www.arb.ro\/","name":"Asocia\u021bia Rom\u00e2n\u0103 a B\u0103ncilor (ARB)","description":"Romanian Association of Banks","publisher":{"@id":"https:\/\/www.arb.ro\/#organization"},"potentialAction":[{"@type":"SearchAction","target":{"@type":"EntryPoint","urlTemplate":"https:\/\/www.arb.ro\/?s={search_term_string}"},"query-input":{"@type":"PropertyValueSpecification","valueRequired":true,"valueName":"search_term_string"}}],"inLanguage":"en-US"},{"@type":"Organization","@id":"https:\/\/www.arb.ro\/#organization","name":"Asocia\u021bia Rom\u00e2n\u0103 a B\u0103ncilor (ARB)","url":"https:\/\/www.arb.ro\/","logo":{"@type":"ImageObject","inLanguage":"en-US","@id":"https:\/\/www.arb.ro\/#\/schema\/logo\/image\/","url":"https:\/\/www.arb.ro\/wp-content\/uploads\/ARB_35_TRANSPARENCY.png","contentUrl":"https:\/\/www.arb.ro\/wp-content\/uploads\/ARB_35_TRANSPARENCY.png","width":1820,"height":1987,"caption":"Asocia\u021bia Rom\u00e2n\u0103 a B\u0103ncilor (ARB)"},"image":{"@id":"https:\/\/www.arb.ro\/#\/schema\/logo\/image\/"}},{"@type":"Person","@id":"https:\/\/www.arb.ro\/#\/schema\/person\/dee91fbc10f29d0338e589f6bc22010f","name":"Julius","image":{"@type":"ImageObject","inLanguage":"en-US","@id":"https:\/\/secure.gravatar.com\/avatar\/a150566e73bdc5dcfc20cd2566475302134db2bf8a825e694a349ea596e418c9?s=96&d=mm&r=g","url":"https:\/\/secure.gravatar.com\/avatar\/a150566e73bdc5dcfc20cd2566475302134db2bf8a825e694a349ea596e418c9?s=96&d=mm&r=g","contentUrl":"https:\/\/secure.gravatar.com\/avatar\/a150566e73bdc5dcfc20cd2566475302134db2bf8a825e694a349ea596e418c9?s=96&d=mm&r=g","caption":"Julius"},"url":"https:\/\/www.arb.ro\/en\/author\/iulianr\/"}]}},"_links":{"self":[{"href":"https:\/\/www.arb.ro\/en\/wp-json\/wp\/v2\/posts\/5799","targetHints":{"allow":["GET"]}}],"collection":[{"href":"https:\/\/www.arb.ro\/en\/wp-json\/wp\/v2\/posts"}],"about":[{"href":"https:\/\/www.arb.ro\/en\/wp-json\/wp\/v2\/types\/post"}],"author":[{"embeddable":true,"href":"https:\/\/www.arb.ro\/en\/wp-json\/wp\/v2\/users\/3"}],"replies":[{"embeddable":true,"href":"https:\/\/www.arb.ro\/en\/wp-json\/wp\/v2\/comments?post=5799"}],"version-history":[{"count":0,"href":"https:\/\/www.arb.ro\/en\/wp-json\/wp\/v2\/posts\/5799\/revisions"}],"wp:featuredmedia":[{"embeddable":true,"href":"https:\/\/www.arb.ro\/en\/wp-json\/wp\/v2\/media\/2645935"}],"wp:attachment":[{"href":"https:\/\/www.arb.ro\/en\/wp-json\/wp\/v2\/media?parent=5799"}],"wp:term":[{"taxonomy":"category","embeddable":true,"href":"https:\/\/www.arb.ro\/en\/wp-json\/wp\/v2\/categories?post=5799"},{"taxonomy":"post_tag","embeddable":true,"href":"https:\/\/www.arb.ro\/en\/wp-json\/wp\/v2\/tags?post=5799"}],"curies":[{"name":"wp","href":"https:\/\/api.w.org\/{rel}","templated":true}]}}