{"id":5768,"date":"2016-05-20T09:59:32","date_gmt":"2016-05-20T06:59:32","guid":{"rendered":"https:\/\/www.arb.ro\/?p=5768"},"modified":"2024-01-28T10:41:17","modified_gmt":"2024-01-28T08:41:17","slug":"participarea-arb-la-cea-de-122-sedinta-board-ului-federatiei-bancare-europene","status":"publish","type":"post","link":"https:\/\/www.arb.ro\/en\/participarea-arb-la-cea-de-122-sedinta-board-ului-federatiei-bancare-europene\/","title":{"rendered":"Participarea ARB la cea de-a 122-a sedinta a Board-ului Federatiei Bancare Europene"},"content":{"rendered":"<div data-elementor-type=\"wp-post\" data-elementor-id=\"5768\" class=\"elementor elementor-5768\" data-elementor-post-type=\"post\">\n\t\t\t\t<div class=\"elementor-element elementor-element-3e3646b7 e-flex e-con-boxed e-con e-parent\" data-id=\"3e3646b7\" data-element_type=\"container\" data-e-type=\"container\">\n\t\t\t\t\t<div class=\"e-con-inner\">\n\t\t\t\t<div class=\"elementor-element elementor-element-6a6162ea elementor-widget elementor-widget-text-editor\" data-id=\"6a6162ea\" data-element_type=\"widget\" data-e-type=\"widget\" data-widget_type=\"text-editor.default\">\n\t\t\t\t<div class=\"elementor-widget-container\">\n\t\t\t\t\t\t\t\t\t<p style=\"text-align: justify;\">Participarea reprezentan\u021bilor ARB la cea de-a 122-a \u015fedin\u0163\u0103 a Board-ului Federa\u0163iei Bancare Europene, \u00een cadrul c\u0103reia <em>Majestatea Sa Regina Maxima a<\/em> Olandei a \u021binut o prelegere legat\u0103 de educa\u021bia financiar\u0103 \u015fi incluziunea financiar\u0103.<\/p><p style=\"text-align: justify;\"><a href=\"https:\/\/www.arb.ro\/wp-content\/uploads\/122nd_ebf-board-meeting.jpg\"><img fetchpriority=\"high\" decoding=\"async\" class=\"alignleft wp-image-5775 size-full\" src=\"https:\/\/new.arb.ro\/wp-content\/uploads\/122nd_ebf-board-meeting.jpg\" alt=\"122nd_ebf-board-meeting\" width=\"1024\" height=\"683\" srcset=\"https:\/\/www.arb.ro\/wp-content\/uploads\/122nd_ebf-board-meeting.jpg 1024w, https:\/\/www.arb.ro\/wp-content\/uploads\/122nd_ebf-board-meeting-300x200.jpg 300w, https:\/\/www.arb.ro\/wp-content\/uploads\/122nd_ebf-board-meeting-768x512.jpg 768w\" sizes=\"(max-width: 1024px) 100vw, 1024px\" \/><\/a><\/p>\t\t\t\t\t\t\t\t<\/div>\n\t\t\t\t<\/div>\n\t\t\t\t\t<\/div>\n\t\t\t\t<\/div>\n\t\t\t\t<\/div>","protected":false},"excerpt":{"rendered":"<p>Participarea ARB la cea de-a 122-a sedinta a Board-ului Federatiei Bancare Europene<\/p>","protected":false},"author":3,"featured_media":2645924,"comment_status":"closed","ping_status":"closed","sticky":false,"template":"","format":"standard","meta":{"inline_featured_image":false,"footnotes":""},"categories":[39],"tags":[],"class_list":["post-5768","post","type-post","status-publish","format-standard","has-post-thumbnail","hentry","category-evenimente"],"acf":[],"yoast_head":"<!-- This site is optimized with the Yoast SEO plugin v27.4 - https:\/\/yoast.com\/product\/yoast-seo-wordpress\/ -->\n<title>Participarea ARB la cea de-a 122-a sedinta a Board-ului Federatiei Bancare Europene - Asocia\u021bia Rom\u00e2n\u0103 a B\u0103ncilor (ARB)<\/title>\n<meta name=\"robots\" content=\"index, follow, max-snippet:-1, max-image-preview:large, max-video-preview:-1\" \/>\n<link rel=\"canonical\" href=\"https:\/\/www.arb.ro\/en\/participarea-arb-la-cea-de-122-sedinta-board-ului-federatiei-bancare-europene\/\" \/>\n<meta property=\"og:locale\" content=\"en_US\" \/>\n<meta property=\"og:type\" content=\"article\" \/>\n<meta property=\"og:title\" content=\"Participarea ARB la cea de-a 122-a sedinta a Board-ului Federatiei Bancare Europene - Asocia\u021bia Rom\u00e2n\u0103 a B\u0103ncilor (ARB)\" \/>\n<meta property=\"og:description\" content=\"Participarea ARB la cea de-a 122-a sedinta a Board-ului Federatiei Bancare Europene\" \/>\n<meta property=\"og:url\" content=\"https:\/\/www.arb.ro\/en\/participarea-arb-la-cea-de-122-sedinta-board-ului-federatiei-bancare-europene\/\" \/>\n<meta property=\"og:site_name\" content=\"Asocia\u021bia Rom\u00e2n\u0103 a B\u0103ncilor (ARB)\" \/>\n<meta property=\"article:published_time\" content=\"2016-05-20T06:59:32+00:00\" \/>\n<meta property=\"article:modified_time\" content=\"2024-01-28T08:41:17+00:00\" \/>\n<meta property=\"og:image\" content=\"https:\/\/www.arb.ro\/wp-content\/uploads\/122nd_ebf-board-meeting.jpg\" \/>\n\t<meta property=\"og:image:width\" content=\"1024\" \/>\n\t<meta property=\"og:image:height\" content=\"683\" \/>\n\t<meta property=\"og:image:type\" content=\"image\/jpeg\" \/>\n<meta name=\"author\" content=\"Julius\" \/>\n<meta name=\"twitter:card\" content=\"summary_large_image\" \/>\n<meta name=\"twitter:label1\" content=\"Written by\" \/>\n\t<meta name=\"twitter:data1\" content=\"Julius\" \/>\n<script type=\"application\/ld+json\" class=\"yoast-schema-graph\">{\"@context\":\"https:\\\/\\\/schema.org\",\"@graph\":[{\"@type\":\"Article\",\"@id\":\"https:\\\/\\\/www.arb.ro\\\/en\\\/participarea-arb-la-cea-de-122-sedinta-board-ului-federatiei-bancare-europene\\\/#article\",\"isPartOf\":{\"@id\":\"https:\\\/\\\/www.arb.ro\\\/en\\\/participarea-arb-la-cea-de-122-sedinta-board-ului-federatiei-bancare-europene\\\/\"},\"author\":{\"name\":\"Julius\",\"@id\":\"https:\\\/\\\/www.arb.ro\\\/#\\\/schema\\\/person\\\/dee91fbc10f29d0338e589f6bc22010f\"},\"headline\":\"Participarea ARB la cea de-a 122-a sedinta a Board-ului Federatiei Bancare Europene\",\"datePublished\":\"2016-05-20T06:59:32+00:00\",\"dateModified\":\"2024-01-28T08:41:17+00:00\",\"mainEntityOfPage\":{\"@id\":\"https:\\\/\\\/www.arb.ro\\\/en\\\/participarea-arb-la-cea-de-122-sedinta-board-ului-federatiei-bancare-europene\\\/\"},\"wordCount\":49,\"publisher\":{\"@id\":\"https:\\\/\\\/www.arb.ro\\\/#organization\"},\"image\":{\"@id\":\"https:\\\/\\\/www.arb.ro\\\/en\\\/participarea-arb-la-cea-de-122-sedinta-board-ului-federatiei-bancare-europene\\\/#primaryimage\"},\"thumbnailUrl\":\"https:\\\/\\\/www.arb.ro\\\/wp-content\\\/uploads\\\/122nd_ebf-board-meeting.jpg\",\"articleSection\":[\"Evenimente\"],\"inLanguage\":\"en-US\"},{\"@type\":\"WebPage\",\"@id\":\"https:\\\/\\\/www.arb.ro\\\/en\\\/participarea-arb-la-cea-de-122-sedinta-board-ului-federatiei-bancare-europene\\\/\",\"url\":\"https:\\\/\\\/www.arb.ro\\\/en\\\/participarea-arb-la-cea-de-122-sedinta-board-ului-federatiei-bancare-europene\\\/\",\"name\":\"Participarea ARB la cea de-a 122-a sedinta a Board-ului Federatiei Bancare Europene - Asocia\u021bia Rom\u00e2n\u0103 a B\u0103ncilor (ARB)\",\"isPartOf\":{\"@id\":\"https:\\\/\\\/www.arb.ro\\\/#website\"},\"primaryImageOfPage\":{\"@id\":\"https:\\\/\\\/www.arb.ro\\\/en\\\/participarea-arb-la-cea-de-122-sedinta-board-ului-federatiei-bancare-europene\\\/#primaryimage\"},\"image\":{\"@id\":\"https:\\\/\\\/www.arb.ro\\\/en\\\/participarea-arb-la-cea-de-122-sedinta-board-ului-federatiei-bancare-europene\\\/#primaryimage\"},\"thumbnailUrl\":\"https:\\\/\\\/www.arb.ro\\\/wp-content\\\/uploads\\\/122nd_ebf-board-meeting.jpg\",\"datePublished\":\"2016-05-20T06:59:32+00:00\",\"dateModified\":\"2024-01-28T08:41:17+00:00\",\"breadcrumb\":{\"@id\":\"https:\\\/\\\/www.arb.ro\\\/en\\\/participarea-arb-la-cea-de-122-sedinta-board-ului-federatiei-bancare-europene\\\/#breadcrumb\"},\"inLanguage\":\"en-US\",\"potentialAction\":[{\"@type\":\"ReadAction\",\"target\":[\"https:\\\/\\\/www.arb.ro\\\/en\\\/participarea-arb-la-cea-de-122-sedinta-board-ului-federatiei-bancare-europene\\\/\"]}]},{\"@type\":\"ImageObject\",\"inLanguage\":\"en-US\",\"@id\":\"https:\\\/\\\/www.arb.ro\\\/en\\\/participarea-arb-la-cea-de-122-sedinta-board-ului-federatiei-bancare-europene\\\/#primaryimage\",\"url\":\"https:\\\/\\\/www.arb.ro\\\/wp-content\\\/uploads\\\/122nd_ebf-board-meeting.jpg\",\"contentUrl\":\"https:\\\/\\\/www.arb.ro\\\/wp-content\\\/uploads\\\/122nd_ebf-board-meeting.jpg\",\"width\":1024,\"height\":683},{\"@type\":\"BreadcrumbList\",\"@id\":\"https:\\\/\\\/www.arb.ro\\\/en\\\/participarea-arb-la-cea-de-122-sedinta-board-ului-federatiei-bancare-europene\\\/#breadcrumb\",\"itemListElement\":[{\"@type\":\"ListItem\",\"position\":1,\"name\":\"Home\",\"item\":\"https:\\\/\\\/www.arb.ro\\\/\"},{\"@type\":\"ListItem\",\"position\":2,\"name\":\"Participarea ARB la cea de-a 122-a sedinta a Board-ului Federatiei Bancare Europene\"}]},{\"@type\":\"WebSite\",\"@id\":\"https:\\\/\\\/www.arb.ro\\\/#website\",\"url\":\"https:\\\/\\\/www.arb.ro\\\/\",\"name\":\"Asocia\u021bia Rom\u00e2n\u0103 a B\u0103ncilor (ARB)\",\"description\":\"Asocia\u021bia Rom\u00e2n\u0103 a B\u0103ncilor\",\"publisher\":{\"@id\":\"https:\\\/\\\/www.arb.ro\\\/#organization\"},\"potentialAction\":[{\"@type\":\"SearchAction\",\"target\":{\"@type\":\"EntryPoint\",\"urlTemplate\":\"https:\\\/\\\/www.arb.ro\\\/?s={search_term_string}\"},\"query-input\":{\"@type\":\"PropertyValueSpecification\",\"valueRequired\":true,\"valueName\":\"search_term_string\"}}],\"inLanguage\":\"en-US\"},{\"@type\":\"Organization\",\"@id\":\"https:\\\/\\\/www.arb.ro\\\/#organization\",\"name\":\"Asocia\u021bia Rom\u00e2n\u0103 a B\u0103ncilor (ARB)\",\"url\":\"https:\\\/\\\/www.arb.ro\\\/\",\"logo\":{\"@type\":\"ImageObject\",\"inLanguage\":\"en-US\",\"@id\":\"https:\\\/\\\/www.arb.ro\\\/#\\\/schema\\\/logo\\\/image\\\/\",\"url\":\"https:\\\/\\\/www.arb.ro\\\/wp-content\\\/uploads\\\/ARB_35_TRANSPARENCY.png\",\"contentUrl\":\"https:\\\/\\\/www.arb.ro\\\/wp-content\\\/uploads\\\/ARB_35_TRANSPARENCY.png\",\"width\":1820,\"height\":1987,\"caption\":\"Asocia\u021bia Rom\u00e2n\u0103 a B\u0103ncilor (ARB)\"},\"image\":{\"@id\":\"https:\\\/\\\/www.arb.ro\\\/#\\\/schema\\\/logo\\\/image\\\/\"}},{\"@type\":\"Person\",\"@id\":\"https:\\\/\\\/www.arb.ro\\\/#\\\/schema\\\/person\\\/dee91fbc10f29d0338e589f6bc22010f\",\"name\":\"Julius\",\"image\":{\"@type\":\"ImageObject\",\"inLanguage\":\"en-US\",\"@id\":\"https:\\\/\\\/secure.gravatar.com\\\/avatar\\\/a150566e73bdc5dcfc20cd2566475302134db2bf8a825e694a349ea596e418c9?s=96&d=mm&r=g\",\"url\":\"https:\\\/\\\/secure.gravatar.com\\\/avatar\\\/a150566e73bdc5dcfc20cd2566475302134db2bf8a825e694a349ea596e418c9?s=96&d=mm&r=g\",\"contentUrl\":\"https:\\\/\\\/secure.gravatar.com\\\/avatar\\\/a150566e73bdc5dcfc20cd2566475302134db2bf8a825e694a349ea596e418c9?s=96&d=mm&r=g\",\"caption\":\"Julius\"},\"url\":\"https:\\\/\\\/www.arb.ro\\\/en\\\/author\\\/iulianr\\\/\"}]}<\/script>\n<!-- \/ Yoast SEO plugin. -->","yoast_head_json":{"title":"Participarea ARB la cea de-a 122-a sedinta a Board-ului Federatiei Bancare Europene - Asocia\u021bia Rom\u00e2n\u0103 a B\u0103ncilor (ARB)","robots":{"index":"index","follow":"follow","max-snippet":"max-snippet:-1","max-image-preview":"max-image-preview:large","max-video-preview":"max-video-preview:-1"},"canonical":"https:\/\/www.arb.ro\/en\/participarea-arb-la-cea-de-122-sedinta-board-ului-federatiei-bancare-europene\/","og_locale":"en_US","og_type":"article","og_title":"Participarea ARB la cea de-a 122-a sedinta a Board-ului Federatiei Bancare Europene - Asocia\u021bia Rom\u00e2n\u0103 a B\u0103ncilor (ARB)","og_description":"Participarea ARB la cea de-a 122-a sedinta a Board-ului Federatiei Bancare Europene","og_url":"https:\/\/www.arb.ro\/en\/participarea-arb-la-cea-de-122-sedinta-board-ului-federatiei-bancare-europene\/","og_site_name":"Asocia\u021bia Rom\u00e2n\u0103 a B\u0103ncilor (ARB)","article_published_time":"2016-05-20T06:59:32+00:00","article_modified_time":"2024-01-28T08:41:17+00:00","og_image":[{"width":1024,"height":683,"url":"https:\/\/www.arb.ro\/wp-content\/uploads\/122nd_ebf-board-meeting.jpg","type":"image\/jpeg"}],"author":"Julius","twitter_card":"summary_large_image","twitter_misc":{"Written by":"Julius"},"schema":{"@context":"https:\/\/schema.org","@graph":[{"@type":"Article","@id":"https:\/\/www.arb.ro\/en\/participarea-arb-la-cea-de-122-sedinta-board-ului-federatiei-bancare-europene\/#article","isPartOf":{"@id":"https:\/\/www.arb.ro\/en\/participarea-arb-la-cea-de-122-sedinta-board-ului-federatiei-bancare-europene\/"},"author":{"name":"Julius","@id":"https:\/\/www.arb.ro\/#\/schema\/person\/dee91fbc10f29d0338e589f6bc22010f"},"headline":"Participarea ARB la cea de-a 122-a sedinta a Board-ului Federatiei Bancare Europene","datePublished":"2016-05-20T06:59:32+00:00","dateModified":"2024-01-28T08:41:17+00:00","mainEntityOfPage":{"@id":"https:\/\/www.arb.ro\/en\/participarea-arb-la-cea-de-122-sedinta-board-ului-federatiei-bancare-europene\/"},"wordCount":49,"publisher":{"@id":"https:\/\/www.arb.ro\/#organization"},"image":{"@id":"https:\/\/www.arb.ro\/en\/participarea-arb-la-cea-de-122-sedinta-board-ului-federatiei-bancare-europene\/#primaryimage"},"thumbnailUrl":"https:\/\/www.arb.ro\/wp-content\/uploads\/122nd_ebf-board-meeting.jpg","articleSection":["Evenimente"],"inLanguage":"en-US"},{"@type":"WebPage","@id":"https:\/\/www.arb.ro\/en\/participarea-arb-la-cea-de-122-sedinta-board-ului-federatiei-bancare-europene\/","url":"https:\/\/www.arb.ro\/en\/participarea-arb-la-cea-de-122-sedinta-board-ului-federatiei-bancare-europene\/","name":"Participarea ARB la cea de-a 122-a sedinta a Board-ului Federatiei Bancare Europene - Asocia\u021bia Rom\u00e2n\u0103 a B\u0103ncilor (ARB)","isPartOf":{"@id":"https:\/\/www.arb.ro\/#website"},"primaryImageOfPage":{"@id":"https:\/\/www.arb.ro\/en\/participarea-arb-la-cea-de-122-sedinta-board-ului-federatiei-bancare-europene\/#primaryimage"},"image":{"@id":"https:\/\/www.arb.ro\/en\/participarea-arb-la-cea-de-122-sedinta-board-ului-federatiei-bancare-europene\/#primaryimage"},"thumbnailUrl":"https:\/\/www.arb.ro\/wp-content\/uploads\/122nd_ebf-board-meeting.jpg","datePublished":"2016-05-20T06:59:32+00:00","dateModified":"2024-01-28T08:41:17+00:00","breadcrumb":{"@id":"https:\/\/www.arb.ro\/en\/participarea-arb-la-cea-de-122-sedinta-board-ului-federatiei-bancare-europene\/#breadcrumb"},"inLanguage":"en-US","potentialAction":[{"@type":"ReadAction","target":["https:\/\/www.arb.ro\/en\/participarea-arb-la-cea-de-122-sedinta-board-ului-federatiei-bancare-europene\/"]}]},{"@type":"ImageObject","inLanguage":"en-US","@id":"https:\/\/www.arb.ro\/en\/participarea-arb-la-cea-de-122-sedinta-board-ului-federatiei-bancare-europene\/#primaryimage","url":"https:\/\/www.arb.ro\/wp-content\/uploads\/122nd_ebf-board-meeting.jpg","contentUrl":"https:\/\/www.arb.ro\/wp-content\/uploads\/122nd_ebf-board-meeting.jpg","width":1024,"height":683},{"@type":"BreadcrumbList","@id":"https:\/\/www.arb.ro\/en\/participarea-arb-la-cea-de-122-sedinta-board-ului-federatiei-bancare-europene\/#breadcrumb","itemListElement":[{"@type":"ListItem","position":1,"name":"Home","item":"https:\/\/www.arb.ro\/"},{"@type":"ListItem","position":2,"name":"Participarea ARB la cea de-a 122-a sedinta a Board-ului Federatiei Bancare Europene"}]},{"@type":"WebSite","@id":"https:\/\/www.arb.ro\/#website","url":"https:\/\/www.arb.ro\/","name":"Asocia\u021bia Rom\u00e2n\u0103 a B\u0103ncilor (ARB)","description":"Romanian Association of Banks","publisher":{"@id":"https:\/\/www.arb.ro\/#organization"},"potentialAction":[{"@type":"SearchAction","target":{"@type":"EntryPoint","urlTemplate":"https:\/\/www.arb.ro\/?s={search_term_string}"},"query-input":{"@type":"PropertyValueSpecification","valueRequired":true,"valueName":"search_term_string"}}],"inLanguage":"en-US"},{"@type":"Organization","@id":"https:\/\/www.arb.ro\/#organization","name":"Asocia\u021bia Rom\u00e2n\u0103 a B\u0103ncilor (ARB)","url":"https:\/\/www.arb.ro\/","logo":{"@type":"ImageObject","inLanguage":"en-US","@id":"https:\/\/www.arb.ro\/#\/schema\/logo\/image\/","url":"https:\/\/www.arb.ro\/wp-content\/uploads\/ARB_35_TRANSPARENCY.png","contentUrl":"https:\/\/www.arb.ro\/wp-content\/uploads\/ARB_35_TRANSPARENCY.png","width":1820,"height":1987,"caption":"Asocia\u021bia Rom\u00e2n\u0103 a B\u0103ncilor (ARB)"},"image":{"@id":"https:\/\/www.arb.ro\/#\/schema\/logo\/image\/"}},{"@type":"Person","@id":"https:\/\/www.arb.ro\/#\/schema\/person\/dee91fbc10f29d0338e589f6bc22010f","name":"Julius","image":{"@type":"ImageObject","inLanguage":"en-US","@id":"https:\/\/secure.gravatar.com\/avatar\/a150566e73bdc5dcfc20cd2566475302134db2bf8a825e694a349ea596e418c9?s=96&d=mm&r=g","url":"https:\/\/secure.gravatar.com\/avatar\/a150566e73bdc5dcfc20cd2566475302134db2bf8a825e694a349ea596e418c9?s=96&d=mm&r=g","contentUrl":"https:\/\/secure.gravatar.com\/avatar\/a150566e73bdc5dcfc20cd2566475302134db2bf8a825e694a349ea596e418c9?s=96&d=mm&r=g","caption":"Julius"},"url":"https:\/\/www.arb.ro\/en\/author\/iulianr\/"}]}},"_links":{"self":[{"href":"https:\/\/www.arb.ro\/en\/wp-json\/wp\/v2\/posts\/5768","targetHints":{"allow":["GET"]}}],"collection":[{"href":"https:\/\/www.arb.ro\/en\/wp-json\/wp\/v2\/posts"}],"about":[{"href":"https:\/\/www.arb.ro\/en\/wp-json\/wp\/v2\/types\/post"}],"author":[{"embeddable":true,"href":"https:\/\/www.arb.ro\/en\/wp-json\/wp\/v2\/users\/3"}],"replies":[{"embeddable":true,"href":"https:\/\/www.arb.ro\/en\/wp-json\/wp\/v2\/comments?post=5768"}],"version-history":[{"count":0,"href":"https:\/\/www.arb.ro\/en\/wp-json\/wp\/v2\/posts\/5768\/revisions"}],"wp:featuredmedia":[{"embeddable":true,"href":"https:\/\/www.arb.ro\/en\/wp-json\/wp\/v2\/media\/2645924"}],"wp:attachment":[{"href":"https:\/\/www.arb.ro\/en\/wp-json\/wp\/v2\/media?parent=5768"}],"wp:term":[{"taxonomy":"category","embeddable":true,"href":"https:\/\/www.arb.ro\/en\/wp-json\/wp\/v2\/categories?post=5768"},{"taxonomy":"post_tag","embeddable":true,"href":"https:\/\/www.arb.ro\/en\/wp-json\/wp\/v2\/tags?post=5768"}],"curies":[{"name":"wp","href":"https:\/\/api.w.org\/{rel}","templated":true}]}}