{"id":5199,"date":"2016-02-18T16:56:30","date_gmt":"2016-02-18T14:56:30","guid":{"rendered":"https:\/\/www.arb.ro\/?p=5199"},"modified":"2024-01-17T10:50:52","modified_gmt":"2024-01-17T08:50:52","slug":"mesaj-arb-cpbr-privind-legea-darii-in-plata","status":"publish","type":"post","link":"https:\/\/www.arb.ro\/en\/mesaj-arb-cpbr-privind-legea-darii-in-plata\/","title":{"rendered":"Mesaj ARB \u2013 CPBR privind legea darii in plata - only in romanian"},"content":{"rendered":"<div data-elementor-type=\"wp-post\" data-elementor-id=\"5199\" class=\"elementor elementor-5199\" data-elementor-post-type=\"post\">\n\t\t\t\t<div class=\"elementor-element elementor-element-53591277 e-flex e-con-boxed e-con e-parent\" data-id=\"53591277\" data-element_type=\"container\" data-e-type=\"container\">\n\t\t\t\t\t<div class=\"e-con-inner\">\n\t\t\t\t<div class=\"elementor-element elementor-element-523a7db3 elementor-widget elementor-widget-text-editor\" data-id=\"523a7db3\" data-element_type=\"widget\" data-e-type=\"widget\" data-widget_type=\"text-editor.default\">\n\t\t\t\t<div class=\"elementor-widget-container\">\n\t\t\t\t\t\t\t\t\t<p style=\"text-align: justify;\">Comunitatea bancar\u0103 solicit\u0103 Parlamentului Rom\u00e2niei asigurarea unui dialog real si constructiv \u00een vederea aducerii Legii privind darea \u00een plat\u0103 la o form\u0103 care s\u0103 corespund\u0103 cadrului legislativ existent, recomand\u0103rilor Administra\u021biei Preziden\u021biale cuprinse \u00een cererea de reexaminare, avizului B\u0103ncii Centrale Europene \u015fi a pozi\u021biei exprimat\u0103 de Comisia European\u0103.<\/p><p style=\"text-align: justify;\">De asemenea, comunitatea bancar\u0103 din Rom\u00e2nia consider\u0103 c\u0103 se impune devansarea termenului de intrare \u00een vigoare a Legii 151\/2015 privind procedura insolven\u0163ei persoanelor fizice. Avantajul major al legii privind procedura insolven\u0163ei persoanelor fizice fa\u0163\u0103 de legea privind darea \u00een plat\u0103 este c\u0103 dup\u0103 insolven\u0163\u0103 debitorul persoan\u0103 fizic\u0103 de bun\u0103 credin\u0163\u0103 poate r\u0103m\u00e2ne \u00een posesia bunului imobil care este adus \u00een garan\u0163ie, pe c\u00e2nd darea \u00een plat\u0103 \u00eenseamn\u0103 pierderea locuin\u0163ei de familie\/ terenului.<\/p><p style=\"text-align: justify;\">Pozi\u021bia \u0219i propunerile comunit\u0103\u021bii bancare din Rom\u00e2nia, reprezentat\u0103 de Asocia\u021bia Rom\u00e2n\u0103 a B\u0103ncilor \u0219i Consiliul Patronatelor Bancare din Rom\u00e2nia, \u00eenaintate autorit\u0103\u021bilor rom\u00e2ne \u0219i organismelor interna\u021bionale referitoare la Proiectul de Lege privind darea \u00een plat\u0103 pot fi desc\u0103rcate aici:<\/p><p>\u00a0<\/p>\t\t\t\t\t\t\t\t<\/div>\n\t\t\t\t<\/div>\n\t\t<div class=\"elementor-element elementor-element-ea4fbb5 e-con-full e-flex e-con e-child\" data-id=\"ea4fbb5\" data-element_type=\"container\" data-e-type=\"container\">\n\t\t\t\t<div class=\"elementor-element elementor-element-91f2b1c elementor-widget elementor-widget-heading\" data-id=\"91f2b1c\" data-element_type=\"widget\" data-e-type=\"widget\" data-widget_type=\"heading.default\">\n\t\t\t\t<div class=\"elementor-widget-container\">\n\t\t\t\t\t<h2 class=\"elementor-heading-title elementor-size-default\">Scrisoare ARB - CPBR<\/h2>\t\t\t\t<\/div>\n\t\t\t\t<\/div>\n\t\t\t\t<div class=\"elementor-element elementor-element-334cdf1 elementor-widget elementor-widget-button\" data-id=\"334cdf1\" data-element_type=\"widget\" data-e-type=\"widget\" data-widget_type=\"button.default\">\n\t\t\t\t<div class=\"elementor-widget-container\">\n\t\t\t\t\t\t\t\t\t<div class=\"elementor-button-wrapper\">\n\t\t\t\t\t<a class=\"elementor-button elementor-button-link elementor-size-sm\" href=\"\/wp-content\/uploads\/ARB_CPBR-Adresa-amendamente-15022016.pdf\" target=\"_blank\">\n\t\t\t\t\t\t<span class=\"elementor-button-content-wrapper\">\n\t\t\t\t\t\t\t\t\t<span class=\"elementor-button-text\">Download<\/span>\n\t\t\t\t\t<\/span>\n\t\t\t\t\t<\/a>\n\t\t\t\t<\/div>\n\t\t\t\t\t\t\t\t<\/div>\n\t\t\t\t<\/div>\n\t\t\t\t<\/div>\n\t\t<div class=\"elementor-element elementor-element-52c944f e-con-full e-flex e-con e-child\" data-id=\"52c944f\" data-element_type=\"container\" data-e-type=\"container\">\n\t\t\t\t<div class=\"elementor-element elementor-element-7e60db4 elementor-widget elementor-widget-heading\" data-id=\"7e60db4\" data-element_type=\"widget\" data-e-type=\"widget\" data-widget_type=\"heading.default\">\n\t\t\t\t<div class=\"elementor-widget-container\">\n\t\t\t\t\t<h2 class=\"elementor-heading-title elementor-size-default\">Amendamente ARB - CPBR<\/h2>\t\t\t\t<\/div>\n\t\t\t\t<\/div>\n\t\t\t\t<div class=\"elementor-element elementor-element-1406744 elementor-widget elementor-widget-button\" data-id=\"1406744\" data-element_type=\"widget\" data-e-type=\"widget\" data-widget_type=\"button.default\">\n\t\t\t\t<div class=\"elementor-widget-container\">\n\t\t\t\t\t\t\t\t\t<div class=\"elementor-button-wrapper\">\n\t\t\t\t\t<a class=\"elementor-button elementor-button-link elementor-size-sm\" href=\"\/wp-content\/uploads\/ARB_CPBR-Amendamente-darea-in-plata-15022016.pdf\" target=\"_blank\">\n\t\t\t\t\t\t<span class=\"elementor-button-content-wrapper\">\n\t\t\t\t\t\t\t\t\t<span class=\"elementor-button-text\">Download<\/span>\n\t\t\t\t\t<\/span>\n\t\t\t\t\t<\/a>\n\t\t\t\t<\/div>\n\t\t\t\t\t\t\t\t<\/div>\n\t\t\t\t<\/div>\n\t\t\t\t<\/div>\n\t\t\t\t\t<\/div>\n\t\t\t\t<\/div>\n\t\t\t\t<\/div>","protected":false},"excerpt":{"rendered":"<p>Comunitatea bancar\u0103 solicit\u0103 Parlamentului Rom\u00e2niei asigurarea unui dialog real si constructiv \u00een vederea aducerii Legii privind darea \u00een plat\u0103 la o form\u0103 care s\u0103 corespund\u0103 cadrului legislativ existent, recomand\u0103rilor Administra\u021biei Preziden\u021biale cuprinse \u00een cererea de reexaminare, avizului B\u0103ncii Centrale Europene \u015fi a pozi\u021biei exprimat\u0103 de Comisia European\u0103. De asemenea, comunitatea bancar\u0103 din Rom\u00e2nia consider\u0103 c\u0103 [&hellip;]<\/p>\n","protected":false},"author":3,"featured_media":3424033,"comment_status":"closed","ping_status":"closed","sticky":false,"template":"","format":"standard","meta":{"inline_featured_image":false,"footnotes":""},"categories":[3],"tags":[],"class_list":["post-5199","post","type-post","status-publish","format-standard","has-post-thumbnail","hentry","category-comunicate-de-presa"],"acf":[],"yoast_head":"<!-- This site is optimized with the Yoast SEO plugin v27.4 - https:\/\/yoast.com\/product\/yoast-seo-wordpress\/ -->\n<title>Mesaj ARB - CPBR privind legea darii in plata - Asocia\u021bia Rom\u00e2n\u0103 a B\u0103ncilor (ARB)<\/title>\n<meta name=\"robots\" content=\"index, follow, max-snippet:-1, max-image-preview:large, max-video-preview:-1\" \/>\n<link rel=\"canonical\" href=\"https:\/\/www.arb.ro\/en\/mesaj-arb-cpbr-privind-legea-darii-in-plata\/\" \/>\n<meta property=\"og:locale\" content=\"en_US\" \/>\n<meta property=\"og:type\" content=\"article\" \/>\n<meta property=\"og:title\" content=\"Mesaj ARB - CPBR privind legea darii in plata - Asocia\u021bia Rom\u00e2n\u0103 a B\u0103ncilor (ARB)\" \/>\n<meta property=\"og:description\" content=\"Comunitatea bancar\u0103 solicit\u0103 Parlamentului Rom\u00e2niei asigurarea unui dialog real si constructiv \u00een vederea aducerii Legii privind darea \u00een plat\u0103 la o form\u0103 care s\u0103 corespund\u0103 cadrului legislativ existent, recomand\u0103rilor Administra\u021biei Preziden\u021biale cuprinse \u00een cererea de reexaminare, avizului B\u0103ncii Centrale Europene \u015fi a pozi\u021biei exprimat\u0103 de Comisia European\u0103. De asemenea, comunitatea bancar\u0103 din Rom\u00e2nia consider\u0103 c\u0103 [&hellip;]\" \/>\n<meta property=\"og:url\" content=\"https:\/\/www.arb.ro\/en\/mesaj-arb-cpbr-privind-legea-darii-in-plata\/\" \/>\n<meta property=\"og:site_name\" content=\"Asocia\u021bia Rom\u00e2n\u0103 a B\u0103ncilor (ARB)\" \/>\n<meta property=\"article:published_time\" content=\"2016-02-18T14:56:30+00:00\" \/>\n<meta property=\"article:modified_time\" content=\"2024-01-17T08:50:52+00:00\" \/>\n<meta property=\"og:image\" content=\"https:\/\/www.arb.ro\/wp-content\/uploads\/comunicat_de_presa_generic-e1712223343342.jpg\" \/>\n\t<meta property=\"og:image:width\" content=\"1183\" \/>\n\t<meta property=\"og:image:height\" content=\"812\" \/>\n\t<meta property=\"og:image:type\" content=\"image\/jpeg\" \/>\n<meta name=\"author\" content=\"Julius\" \/>\n<meta name=\"twitter:card\" content=\"summary_large_image\" \/>\n<meta name=\"twitter:label1\" content=\"Written by\" \/>\n\t<meta name=\"twitter:data1\" content=\"Julius\" \/>\n\t<meta name=\"twitter:label2\" content=\"Est. reading time\" \/>\n\t<meta name=\"twitter:data2\" content=\"1 minute\" \/>\n<script type=\"application\/ld+json\" class=\"yoast-schema-graph\">{\"@context\":\"https:\\\/\\\/schema.org\",\"@graph\":[{\"@type\":\"Article\",\"@id\":\"https:\\\/\\\/www.arb.ro\\\/en\\\/mesaj-arb-cpbr-privind-legea-darii-in-plata\\\/#article\",\"isPartOf\":{\"@id\":\"https:\\\/\\\/www.arb.ro\\\/en\\\/mesaj-arb-cpbr-privind-legea-darii-in-plata\\\/\"},\"author\":{\"name\":\"Julius\",\"@id\":\"https:\\\/\\\/www.arb.ro\\\/#\\\/schema\\\/person\\\/dee91fbc10f29d0338e589f6bc22010f\"},\"headline\":\"Mesaj ARB &#8211; CPBR privind legea darii in plata\",\"datePublished\":\"2016-02-18T14:56:30+00:00\",\"dateModified\":\"2024-01-17T08:50:52+00:00\",\"mainEntityOfPage\":{\"@id\":\"https:\\\/\\\/www.arb.ro\\\/en\\\/mesaj-arb-cpbr-privind-legea-darii-in-plata\\\/\"},\"wordCount\":204,\"publisher\":{\"@id\":\"https:\\\/\\\/www.arb.ro\\\/#organization\"},\"image\":{\"@id\":\"https:\\\/\\\/www.arb.ro\\\/en\\\/mesaj-arb-cpbr-privind-legea-darii-in-plata\\\/#primaryimage\"},\"thumbnailUrl\":\"https:\\\/\\\/www.arb.ro\\\/wp-content\\\/uploads\\\/comunicat_de_presa_generic-e1712223343342.jpg\",\"articleSection\":[\"Comunicate de presa\"],\"inLanguage\":\"en-US\"},{\"@type\":\"WebPage\",\"@id\":\"https:\\\/\\\/www.arb.ro\\\/en\\\/mesaj-arb-cpbr-privind-legea-darii-in-plata\\\/\",\"url\":\"https:\\\/\\\/www.arb.ro\\\/en\\\/mesaj-arb-cpbr-privind-legea-darii-in-plata\\\/\",\"name\":\"Mesaj ARB - CPBR privind legea darii in plata - Asocia\u021bia Rom\u00e2n\u0103 a B\u0103ncilor (ARB)\",\"isPartOf\":{\"@id\":\"https:\\\/\\\/www.arb.ro\\\/#website\"},\"primaryImageOfPage\":{\"@id\":\"https:\\\/\\\/www.arb.ro\\\/en\\\/mesaj-arb-cpbr-privind-legea-darii-in-plata\\\/#primaryimage\"},\"image\":{\"@id\":\"https:\\\/\\\/www.arb.ro\\\/en\\\/mesaj-arb-cpbr-privind-legea-darii-in-plata\\\/#primaryimage\"},\"thumbnailUrl\":\"https:\\\/\\\/www.arb.ro\\\/wp-content\\\/uploads\\\/comunicat_de_presa_generic-e1712223343342.jpg\",\"datePublished\":\"2016-02-18T14:56:30+00:00\",\"dateModified\":\"2024-01-17T08:50:52+00:00\",\"breadcrumb\":{\"@id\":\"https:\\\/\\\/www.arb.ro\\\/en\\\/mesaj-arb-cpbr-privind-legea-darii-in-plata\\\/#breadcrumb\"},\"inLanguage\":\"en-US\",\"potentialAction\":[{\"@type\":\"ReadAction\",\"target\":[\"https:\\\/\\\/www.arb.ro\\\/en\\\/mesaj-arb-cpbr-privind-legea-darii-in-plata\\\/\"]}]},{\"@type\":\"ImageObject\",\"inLanguage\":\"en-US\",\"@id\":\"https:\\\/\\\/www.arb.ro\\\/en\\\/mesaj-arb-cpbr-privind-legea-darii-in-plata\\\/#primaryimage\",\"url\":\"https:\\\/\\\/www.arb.ro\\\/wp-content\\\/uploads\\\/comunicat_de_presa_generic-e1712223343342.jpg\",\"contentUrl\":\"https:\\\/\\\/www.arb.ro\\\/wp-content\\\/uploads\\\/comunicat_de_presa_generic-e1712223343342.jpg\",\"width\":1183,\"height\":812},{\"@type\":\"BreadcrumbList\",\"@id\":\"https:\\\/\\\/www.arb.ro\\\/en\\\/mesaj-arb-cpbr-privind-legea-darii-in-plata\\\/#breadcrumb\",\"itemListElement\":[{\"@type\":\"ListItem\",\"position\":1,\"name\":\"Home\",\"item\":\"https:\\\/\\\/www.arb.ro\\\/\"},{\"@type\":\"ListItem\",\"position\":2,\"name\":\"Mesaj ARB &#8211; CPBR privind legea darii in plata\"}]},{\"@type\":\"WebSite\",\"@id\":\"https:\\\/\\\/www.arb.ro\\\/#website\",\"url\":\"https:\\\/\\\/www.arb.ro\\\/\",\"name\":\"Asocia\u021bia Rom\u00e2n\u0103 a B\u0103ncilor (ARB)\",\"description\":\"Asocia\u021bia Rom\u00e2n\u0103 a B\u0103ncilor\",\"publisher\":{\"@id\":\"https:\\\/\\\/www.arb.ro\\\/#organization\"},\"potentialAction\":[{\"@type\":\"SearchAction\",\"target\":{\"@type\":\"EntryPoint\",\"urlTemplate\":\"https:\\\/\\\/www.arb.ro\\\/?s={search_term_string}\"},\"query-input\":{\"@type\":\"PropertyValueSpecification\",\"valueRequired\":true,\"valueName\":\"search_term_string\"}}],\"inLanguage\":\"en-US\"},{\"@type\":\"Organization\",\"@id\":\"https:\\\/\\\/www.arb.ro\\\/#organization\",\"name\":\"Asocia\u021bia Rom\u00e2n\u0103 a B\u0103ncilor (ARB)\",\"url\":\"https:\\\/\\\/www.arb.ro\\\/\",\"logo\":{\"@type\":\"ImageObject\",\"inLanguage\":\"en-US\",\"@id\":\"https:\\\/\\\/www.arb.ro\\\/#\\\/schema\\\/logo\\\/image\\\/\",\"url\":\"https:\\\/\\\/www.arb.ro\\\/wp-content\\\/uploads\\\/ARB_35_TRANSPARENCY.png\",\"contentUrl\":\"https:\\\/\\\/www.arb.ro\\\/wp-content\\\/uploads\\\/ARB_35_TRANSPARENCY.png\",\"width\":1820,\"height\":1987,\"caption\":\"Asocia\u021bia Rom\u00e2n\u0103 a B\u0103ncilor (ARB)\"},\"image\":{\"@id\":\"https:\\\/\\\/www.arb.ro\\\/#\\\/schema\\\/logo\\\/image\\\/\"}},{\"@type\":\"Person\",\"@id\":\"https:\\\/\\\/www.arb.ro\\\/#\\\/schema\\\/person\\\/dee91fbc10f29d0338e589f6bc22010f\",\"name\":\"Julius\",\"image\":{\"@type\":\"ImageObject\",\"inLanguage\":\"en-US\",\"@id\":\"https:\\\/\\\/secure.gravatar.com\\\/avatar\\\/a150566e73bdc5dcfc20cd2566475302134db2bf8a825e694a349ea596e418c9?s=96&d=mm&r=g\",\"url\":\"https:\\\/\\\/secure.gravatar.com\\\/avatar\\\/a150566e73bdc5dcfc20cd2566475302134db2bf8a825e694a349ea596e418c9?s=96&d=mm&r=g\",\"contentUrl\":\"https:\\\/\\\/secure.gravatar.com\\\/avatar\\\/a150566e73bdc5dcfc20cd2566475302134db2bf8a825e694a349ea596e418c9?s=96&d=mm&r=g\",\"caption\":\"Julius\"},\"url\":\"https:\\\/\\\/www.arb.ro\\\/en\\\/author\\\/iulianr\\\/\"}]}<\/script>\n<!-- \/ Yoast SEO plugin. -->","yoast_head_json":{"title":"Mesaj ARB - CPBR privind legea darii in plata - Asocia\u021bia Rom\u00e2n\u0103 a B\u0103ncilor (ARB)","robots":{"index":"index","follow":"follow","max-snippet":"max-snippet:-1","max-image-preview":"max-image-preview:large","max-video-preview":"max-video-preview:-1"},"canonical":"https:\/\/www.arb.ro\/en\/mesaj-arb-cpbr-privind-legea-darii-in-plata\/","og_locale":"en_US","og_type":"article","og_title":"Mesaj ARB - CPBR privind legea darii in plata - Asocia\u021bia Rom\u00e2n\u0103 a B\u0103ncilor (ARB)","og_description":"Comunitatea bancar\u0103 solicit\u0103 Parlamentului Rom\u00e2niei asigurarea unui dialog real si constructiv \u00een vederea aducerii Legii privind darea \u00een plat\u0103 la o form\u0103 care s\u0103 corespund\u0103 cadrului legislativ existent, recomand\u0103rilor Administra\u021biei Preziden\u021biale cuprinse \u00een cererea de reexaminare, avizului B\u0103ncii Centrale Europene \u015fi a pozi\u021biei exprimat\u0103 de Comisia European\u0103. De asemenea, comunitatea bancar\u0103 din Rom\u00e2nia consider\u0103 c\u0103 [&hellip;]","og_url":"https:\/\/www.arb.ro\/en\/mesaj-arb-cpbr-privind-legea-darii-in-plata\/","og_site_name":"Asocia\u021bia Rom\u00e2n\u0103 a B\u0103ncilor (ARB)","article_published_time":"2016-02-18T14:56:30+00:00","article_modified_time":"2024-01-17T08:50:52+00:00","og_image":[{"width":1183,"height":812,"url":"https:\/\/www.arb.ro\/wp-content\/uploads\/comunicat_de_presa_generic-e1712223343342.jpg","type":"image\/jpeg"}],"author":"Julius","twitter_card":"summary_large_image","twitter_misc":{"Written by":"Julius","Est. reading time":"1 minute"},"schema":{"@context":"https:\/\/schema.org","@graph":[{"@type":"Article","@id":"https:\/\/www.arb.ro\/en\/mesaj-arb-cpbr-privind-legea-darii-in-plata\/#article","isPartOf":{"@id":"https:\/\/www.arb.ro\/en\/mesaj-arb-cpbr-privind-legea-darii-in-plata\/"},"author":{"name":"Julius","@id":"https:\/\/www.arb.ro\/#\/schema\/person\/dee91fbc10f29d0338e589f6bc22010f"},"headline":"Mesaj ARB &#8211; CPBR privind legea darii in plata","datePublished":"2016-02-18T14:56:30+00:00","dateModified":"2024-01-17T08:50:52+00:00","mainEntityOfPage":{"@id":"https:\/\/www.arb.ro\/en\/mesaj-arb-cpbr-privind-legea-darii-in-plata\/"},"wordCount":204,"publisher":{"@id":"https:\/\/www.arb.ro\/#organization"},"image":{"@id":"https:\/\/www.arb.ro\/en\/mesaj-arb-cpbr-privind-legea-darii-in-plata\/#primaryimage"},"thumbnailUrl":"https:\/\/www.arb.ro\/wp-content\/uploads\/comunicat_de_presa_generic-e1712223343342.jpg","articleSection":["Comunicate de presa"],"inLanguage":"en-US"},{"@type":"WebPage","@id":"https:\/\/www.arb.ro\/en\/mesaj-arb-cpbr-privind-legea-darii-in-plata\/","url":"https:\/\/www.arb.ro\/en\/mesaj-arb-cpbr-privind-legea-darii-in-plata\/","name":"Mesaj ARB - CPBR privind legea darii in plata - Asocia\u021bia Rom\u00e2n\u0103 a B\u0103ncilor (ARB)","isPartOf":{"@id":"https:\/\/www.arb.ro\/#website"},"primaryImageOfPage":{"@id":"https:\/\/www.arb.ro\/en\/mesaj-arb-cpbr-privind-legea-darii-in-plata\/#primaryimage"},"image":{"@id":"https:\/\/www.arb.ro\/en\/mesaj-arb-cpbr-privind-legea-darii-in-plata\/#primaryimage"},"thumbnailUrl":"https:\/\/www.arb.ro\/wp-content\/uploads\/comunicat_de_presa_generic-e1712223343342.jpg","datePublished":"2016-02-18T14:56:30+00:00","dateModified":"2024-01-17T08:50:52+00:00","breadcrumb":{"@id":"https:\/\/www.arb.ro\/en\/mesaj-arb-cpbr-privind-legea-darii-in-plata\/#breadcrumb"},"inLanguage":"en-US","potentialAction":[{"@type":"ReadAction","target":["https:\/\/www.arb.ro\/en\/mesaj-arb-cpbr-privind-legea-darii-in-plata\/"]}]},{"@type":"ImageObject","inLanguage":"en-US","@id":"https:\/\/www.arb.ro\/en\/mesaj-arb-cpbr-privind-legea-darii-in-plata\/#primaryimage","url":"https:\/\/www.arb.ro\/wp-content\/uploads\/comunicat_de_presa_generic-e1712223343342.jpg","contentUrl":"https:\/\/www.arb.ro\/wp-content\/uploads\/comunicat_de_presa_generic-e1712223343342.jpg","width":1183,"height":812},{"@type":"BreadcrumbList","@id":"https:\/\/www.arb.ro\/en\/mesaj-arb-cpbr-privind-legea-darii-in-plata\/#breadcrumb","itemListElement":[{"@type":"ListItem","position":1,"name":"Home","item":"https:\/\/www.arb.ro\/"},{"@type":"ListItem","position":2,"name":"Mesaj ARB &#8211; CPBR privind legea darii in plata"}]},{"@type":"WebSite","@id":"https:\/\/www.arb.ro\/#website","url":"https:\/\/www.arb.ro\/","name":"Asocia\u021bia Rom\u00e2n\u0103 a B\u0103ncilor (ARB)","description":"Romanian Association of Banks","publisher":{"@id":"https:\/\/www.arb.ro\/#organization"},"potentialAction":[{"@type":"SearchAction","target":{"@type":"EntryPoint","urlTemplate":"https:\/\/www.arb.ro\/?s={search_term_string}"},"query-input":{"@type":"PropertyValueSpecification","valueRequired":true,"valueName":"search_term_string"}}],"inLanguage":"en-US"},{"@type":"Organization","@id":"https:\/\/www.arb.ro\/#organization","name":"Asocia\u021bia Rom\u00e2n\u0103 a B\u0103ncilor (ARB)","url":"https:\/\/www.arb.ro\/","logo":{"@type":"ImageObject","inLanguage":"en-US","@id":"https:\/\/www.arb.ro\/#\/schema\/logo\/image\/","url":"https:\/\/www.arb.ro\/wp-content\/uploads\/ARB_35_TRANSPARENCY.png","contentUrl":"https:\/\/www.arb.ro\/wp-content\/uploads\/ARB_35_TRANSPARENCY.png","width":1820,"height":1987,"caption":"Asocia\u021bia Rom\u00e2n\u0103 a B\u0103ncilor (ARB)"},"image":{"@id":"https:\/\/www.arb.ro\/#\/schema\/logo\/image\/"}},{"@type":"Person","@id":"https:\/\/www.arb.ro\/#\/schema\/person\/dee91fbc10f29d0338e589f6bc22010f","name":"Julius","image":{"@type":"ImageObject","inLanguage":"en-US","@id":"https:\/\/secure.gravatar.com\/avatar\/a150566e73bdc5dcfc20cd2566475302134db2bf8a825e694a349ea596e418c9?s=96&d=mm&r=g","url":"https:\/\/secure.gravatar.com\/avatar\/a150566e73bdc5dcfc20cd2566475302134db2bf8a825e694a349ea596e418c9?s=96&d=mm&r=g","contentUrl":"https:\/\/secure.gravatar.com\/avatar\/a150566e73bdc5dcfc20cd2566475302134db2bf8a825e694a349ea596e418c9?s=96&d=mm&r=g","caption":"Julius"},"url":"https:\/\/www.arb.ro\/en\/author\/iulianr\/"}]}},"_links":{"self":[{"href":"https:\/\/www.arb.ro\/en\/wp-json\/wp\/v2\/posts\/5199","targetHints":{"allow":["GET"]}}],"collection":[{"href":"https:\/\/www.arb.ro\/en\/wp-json\/wp\/v2\/posts"}],"about":[{"href":"https:\/\/www.arb.ro\/en\/wp-json\/wp\/v2\/types\/post"}],"author":[{"embeddable":true,"href":"https:\/\/www.arb.ro\/en\/wp-json\/wp\/v2\/users\/3"}],"replies":[{"embeddable":true,"href":"https:\/\/www.arb.ro\/en\/wp-json\/wp\/v2\/comments?post=5199"}],"version-history":[{"count":0,"href":"https:\/\/www.arb.ro\/en\/wp-json\/wp\/v2\/posts\/5199\/revisions"}],"wp:featuredmedia":[{"embeddable":true,"href":"https:\/\/www.arb.ro\/en\/wp-json\/wp\/v2\/media\/3424033"}],"wp:attachment":[{"href":"https:\/\/www.arb.ro\/en\/wp-json\/wp\/v2\/media?parent=5199"}],"wp:term":[{"taxonomy":"category","embeddable":true,"href":"https:\/\/www.arb.ro\/en\/wp-json\/wp\/v2\/categories?post=5199"},{"taxonomy":"post_tag","embeddable":true,"href":"https:\/\/www.arb.ro\/en\/wp-json\/wp\/v2\/tags?post=5199"}],"curies":[{"name":"wp","href":"https:\/\/api.w.org\/{rel}","templated":true}]}}