{"id":5133,"date":"2015-12-11T17:57:03","date_gmt":"2015-12-11T15:57:03","guid":{"rendered":"https:\/\/www.arb.ro\/?p=5133"},"modified":"2024-01-26T20:12:36","modified_gmt":"2024-01-26T18:12:36","slug":"conferinta-de-presa-pe-tema-legii-privind-darea-in-plata","status":"publish","type":"post","link":"https:\/\/www.arb.ro\/en\/conferinta-de-presa-pe-tema-legii-privind-darea-in-plata\/","title":{"rendered":"Conferin\u021ba de pres\u0103 BNR pe tema Legii privind darea \u00een plat\u0103 - only in romanian"},"content":{"rendered":"<div data-elementor-type=\"wp-post\" data-elementor-id=\"5133\" class=\"elementor elementor-5133\" data-elementor-post-type=\"post\">\n\t\t\t\t<div class=\"elementor-element elementor-element-243a4946 e-flex e-con-boxed e-con e-parent\" data-id=\"243a4946\" data-element_type=\"container\" data-e-type=\"container\">\n\t\t\t\t\t<div class=\"e-con-inner\">\n\t\t\t\t<div class=\"elementor-element elementor-element-75bfb7b elementor-widget elementor-widget-text-editor\" data-id=\"75bfb7b\" data-element_type=\"widget\" data-e-type=\"widget\" data-widget_type=\"text-editor.default\">\n\t\t\t\t<div class=\"elementor-widget-container\">\n\t\t\t\t\t\t\t\t\t<p>Versiunea pregatita pentru sustinere in cadrul conferintei de presa pe tema Legii privind darea in plata a unor bunuri imobile in vederea stingerii obliga\u021biilor asumate prin credit &#8211; Bogdan Olteanu, viceguvernator BNR.<\/p>\t\t\t\t\t\t\t\t<\/div>\n\t\t\t\t<\/div>\n\t\t\t\t<div class=\"elementor-element elementor-element-46b87d6 elementor-widget elementor-widget-button\" data-id=\"46b87d6\" data-element_type=\"widget\" data-e-type=\"widget\" data-widget_type=\"button.default\">\n\t\t\t\t<div class=\"elementor-widget-container\">\n\t\t\t\t\t\t\t\t\t<div class=\"elementor-button-wrapper\">\n\t\t\t\t\t<a class=\"elementor-button elementor-button-link elementor-size-sm\" href=\"http:\/\/bnro.ro\/Note-de-discurs-13274.aspx\" target=\"_blank\">\n\t\t\t\t\t\t<span class=\"elementor-button-content-wrapper\">\n\t\t\t\t\t\t\t\t\t<span class=\"elementor-button-text\">Note de discurs<\/span>\n\t\t\t\t\t<\/span>\n\t\t\t\t\t<\/a>\n\t\t\t\t<\/div>\n\t\t\t\t\t\t\t\t<\/div>\n\t\t\t\t<\/div>\n\t\t\t\t<div class=\"elementor-element elementor-element-fb105e5 elementor-widget elementor-widget-text-editor\" data-id=\"fb105e5\" data-element_type=\"widget\" data-e-type=\"widget\" data-widget_type=\"text-editor.default\">\n\t\t\t\t<div class=\"elementor-widget-container\">\n\t\t\t\t\t\t\t\t\t<p>\u00a0<\/p><p><iframe src=\"https:\/\/www.youtube-nocookie.com\/embed\/-WmN8dcDJlQ\" width=\"420\" height=\"315\" frameborder=\"0\" allowfullscreen=\"allowfullscreen\"><\/iframe><\/p>\t\t\t\t\t\t\t\t<\/div>\n\t\t\t\t<\/div>\n\t\t\t\t\t<\/div>\n\t\t\t\t<\/div>\n\t\t<div class=\"elementor-element elementor-element-6eae3ed e-flex e-con-boxed e-con e-parent\" data-id=\"6eae3ed\" data-element_type=\"container\" data-e-type=\"container\">\n\t\t\t\t\t<div class=\"e-con-inner\">\n\t\t\t\t\t<\/div>\n\t\t\t\t<\/div>\n\t\t\t\t<\/div>","protected":false},"excerpt":{"rendered":"<p>Conferinta de presa pe tema Legii privind darea in plata a unor bunuri imobile in vederea stingerii obligatiilor asumate prin credit &#8211; Bogdan Olteanu, viceguvernator BNR.<\/p>","protected":false},"author":3,"featured_media":0,"comment_status":"closed","ping_status":"closed","sticky":false,"template":"","format":"standard","meta":{"inline_featured_image":false,"footnotes":""},"categories":[4],"tags":[],"class_list":["post-5133","post","type-post","status-publish","format-standard","hentry","category-noutati"],"acf":[],"yoast_head":"<!-- This site is optimized with the Yoast SEO plugin v27.5 - https:\/\/yoast.com\/product\/yoast-seo-wordpress\/ -->\n<title>Conferin\u021ba de pres\u0103 BNR pe tema Legii privind darea \u00een plat\u0103 - Asocia\u021bia Rom\u00e2n\u0103 a B\u0103ncilor (ARB)<\/title>\n<meta name=\"robots\" content=\"index, follow, max-snippet:-1, max-image-preview:large, max-video-preview:-1\" \/>\n<link rel=\"canonical\" href=\"https:\/\/www.arb.ro\/en\/conferinta-de-presa-pe-tema-legii-privind-darea-in-plata\/\" \/>\n<meta property=\"og:locale\" content=\"en_US\" \/>\n<meta property=\"og:type\" content=\"article\" \/>\n<meta property=\"og:title\" content=\"Conferin\u021ba de pres\u0103 BNR pe tema Legii privind darea \u00een plat\u0103 - Asocia\u021bia Rom\u00e2n\u0103 a B\u0103ncilor (ARB)\" \/>\n<meta property=\"og:description\" content=\"Conferinta de presa pe tema Legii privind darea in plata a unor bunuri imobile in vederea stingerii obligatiilor asumate prin credit - Bogdan Olteanu, viceguvernator BNR.\" \/>\n<meta property=\"og:url\" content=\"https:\/\/www.arb.ro\/en\/conferinta-de-presa-pe-tema-legii-privind-darea-in-plata\/\" \/>\n<meta property=\"og:site_name\" content=\"Asocia\u021bia Rom\u00e2n\u0103 a B\u0103ncilor (ARB)\" \/>\n<meta property=\"article:published_time\" content=\"2015-12-11T15:57:03+00:00\" \/>\n<meta property=\"article:modified_time\" content=\"2024-01-26T18:12:36+00:00\" \/>\n<meta name=\"author\" content=\"Julius\" \/>\n<meta name=\"twitter:card\" content=\"summary_large_image\" \/>\n<meta name=\"twitter:label1\" content=\"Written by\" \/>\n\t<meta name=\"twitter:data1\" content=\"Julius\" \/>\n<script type=\"application\/ld+json\" class=\"yoast-schema-graph\">{\"@context\":\"https:\\\/\\\/schema.org\",\"@graph\":[{\"@type\":\"Article\",\"@id\":\"https:\\\/\\\/www.arb.ro\\\/en\\\/conferinta-de-presa-pe-tema-legii-privind-darea-in-plata\\\/#article\",\"isPartOf\":{\"@id\":\"https:\\\/\\\/www.arb.ro\\\/en\\\/conferinta-de-presa-pe-tema-legii-privind-darea-in-plata\\\/\"},\"author\":{\"name\":\"Julius\",\"@id\":\"https:\\\/\\\/www.arb.ro\\\/#\\\/schema\\\/person\\\/dee91fbc10f29d0338e589f6bc22010f\"},\"headline\":\"Conferin\u021ba de pres\u0103 BNR pe tema Legii privind darea \u00een plat\u0103\",\"datePublished\":\"2015-12-11T15:57:03+00:00\",\"dateModified\":\"2024-01-26T18:12:36+00:00\",\"mainEntityOfPage\":{\"@id\":\"https:\\\/\\\/www.arb.ro\\\/en\\\/conferinta-de-presa-pe-tema-legii-privind-darea-in-plata\\\/\"},\"wordCount\":48,\"publisher\":{\"@id\":\"https:\\\/\\\/www.arb.ro\\\/#organization\"},\"articleSection\":[\"Nout\u0103\u021bi\"],\"inLanguage\":\"en-US\"},{\"@type\":\"WebPage\",\"@id\":\"https:\\\/\\\/www.arb.ro\\\/en\\\/conferinta-de-presa-pe-tema-legii-privind-darea-in-plata\\\/\",\"url\":\"https:\\\/\\\/www.arb.ro\\\/en\\\/conferinta-de-presa-pe-tema-legii-privind-darea-in-plata\\\/\",\"name\":\"Conferin\u021ba de pres\u0103 BNR pe tema Legii privind darea \u00een plat\u0103 - Asocia\u021bia Rom\u00e2n\u0103 a B\u0103ncilor (ARB)\",\"isPartOf\":{\"@id\":\"https:\\\/\\\/www.arb.ro\\\/#website\"},\"datePublished\":\"2015-12-11T15:57:03+00:00\",\"dateModified\":\"2024-01-26T18:12:36+00:00\",\"breadcrumb\":{\"@id\":\"https:\\\/\\\/www.arb.ro\\\/en\\\/conferinta-de-presa-pe-tema-legii-privind-darea-in-plata\\\/#breadcrumb\"},\"inLanguage\":\"en-US\",\"potentialAction\":[{\"@type\":\"ReadAction\",\"target\":[\"https:\\\/\\\/www.arb.ro\\\/en\\\/conferinta-de-presa-pe-tema-legii-privind-darea-in-plata\\\/\"]}]},{\"@type\":\"BreadcrumbList\",\"@id\":\"https:\\\/\\\/www.arb.ro\\\/en\\\/conferinta-de-presa-pe-tema-legii-privind-darea-in-plata\\\/#breadcrumb\",\"itemListElement\":[{\"@type\":\"ListItem\",\"position\":1,\"name\":\"Home\",\"item\":\"https:\\\/\\\/www.arb.ro\\\/\"},{\"@type\":\"ListItem\",\"position\":2,\"name\":\"Conferin\u021ba de pres\u0103 BNR pe tema Legii privind darea \u00een plat\u0103\"}]},{\"@type\":\"WebSite\",\"@id\":\"https:\\\/\\\/www.arb.ro\\\/#website\",\"url\":\"https:\\\/\\\/www.arb.ro\\\/\",\"name\":\"Asocia\u021bia Rom\u00e2n\u0103 a B\u0103ncilor (ARB)\",\"description\":\"Asocia\u021bia Rom\u00e2n\u0103 a B\u0103ncilor\",\"publisher\":{\"@id\":\"https:\\\/\\\/www.arb.ro\\\/#organization\"},\"potentialAction\":[{\"@type\":\"SearchAction\",\"target\":{\"@type\":\"EntryPoint\",\"urlTemplate\":\"https:\\\/\\\/www.arb.ro\\\/?s={search_term_string}\"},\"query-input\":{\"@type\":\"PropertyValueSpecification\",\"valueRequired\":true,\"valueName\":\"search_term_string\"}}],\"inLanguage\":\"en-US\"},{\"@type\":\"Organization\",\"@id\":\"https:\\\/\\\/www.arb.ro\\\/#organization\",\"name\":\"Asocia\u021bia Rom\u00e2n\u0103 a B\u0103ncilor (ARB)\",\"url\":\"https:\\\/\\\/www.arb.ro\\\/\",\"logo\":{\"@type\":\"ImageObject\",\"inLanguage\":\"en-US\",\"@id\":\"https:\\\/\\\/www.arb.ro\\\/#\\\/schema\\\/logo\\\/image\\\/\",\"url\":\"https:\\\/\\\/www.arb.ro\\\/wp-content\\\/uploads\\\/ARB_35_TRANSPARENCY.png\",\"contentUrl\":\"https:\\\/\\\/www.arb.ro\\\/wp-content\\\/uploads\\\/ARB_35_TRANSPARENCY.png\",\"width\":1820,\"height\":1987,\"caption\":\"Asocia\u021bia Rom\u00e2n\u0103 a B\u0103ncilor (ARB)\"},\"image\":{\"@id\":\"https:\\\/\\\/www.arb.ro\\\/#\\\/schema\\\/logo\\\/image\\\/\"}},{\"@type\":\"Person\",\"@id\":\"https:\\\/\\\/www.arb.ro\\\/#\\\/schema\\\/person\\\/dee91fbc10f29d0338e589f6bc22010f\",\"name\":\"Julius\",\"url\":\"https:\\\/\\\/www.arb.ro\\\/en\\\/author\\\/iulianr\\\/\"}]}<\/script>\n<!-- \/ Yoast SEO plugin. -->","yoast_head_json":{"title":"Conferin\u021ba de pres\u0103 BNR pe tema Legii privind darea \u00een plat\u0103 - Asocia\u021bia Rom\u00e2n\u0103 a B\u0103ncilor (ARB)","robots":{"index":"index","follow":"follow","max-snippet":"max-snippet:-1","max-image-preview":"max-image-preview:large","max-video-preview":"max-video-preview:-1"},"canonical":"https:\/\/www.arb.ro\/en\/conferinta-de-presa-pe-tema-legii-privind-darea-in-plata\/","og_locale":"en_US","og_type":"article","og_title":"Conferin\u021ba de pres\u0103 BNR pe tema Legii privind darea \u00een plat\u0103 - Asocia\u021bia Rom\u00e2n\u0103 a B\u0103ncilor (ARB)","og_description":"Conferinta de presa pe tema Legii privind darea in plata a unor bunuri imobile in vederea stingerii obligatiilor asumate prin credit - Bogdan Olteanu, viceguvernator BNR.","og_url":"https:\/\/www.arb.ro\/en\/conferinta-de-presa-pe-tema-legii-privind-darea-in-plata\/","og_site_name":"Asocia\u021bia Rom\u00e2n\u0103 a B\u0103ncilor (ARB)","article_published_time":"2015-12-11T15:57:03+00:00","article_modified_time":"2024-01-26T18:12:36+00:00","author":"Julius","twitter_card":"summary_large_image","twitter_misc":{"Written by":"Julius"},"schema":{"@context":"https:\/\/schema.org","@graph":[{"@type":"Article","@id":"https:\/\/www.arb.ro\/en\/conferinta-de-presa-pe-tema-legii-privind-darea-in-plata\/#article","isPartOf":{"@id":"https:\/\/www.arb.ro\/en\/conferinta-de-presa-pe-tema-legii-privind-darea-in-plata\/"},"author":{"name":"Julius","@id":"https:\/\/www.arb.ro\/#\/schema\/person\/dee91fbc10f29d0338e589f6bc22010f"},"headline":"Conferin\u021ba de pres\u0103 BNR pe tema Legii privind darea \u00een plat\u0103","datePublished":"2015-12-11T15:57:03+00:00","dateModified":"2024-01-26T18:12:36+00:00","mainEntityOfPage":{"@id":"https:\/\/www.arb.ro\/en\/conferinta-de-presa-pe-tema-legii-privind-darea-in-plata\/"},"wordCount":48,"publisher":{"@id":"https:\/\/www.arb.ro\/#organization"},"articleSection":["Nout\u0103\u021bi"],"inLanguage":"en-US"},{"@type":"WebPage","@id":"https:\/\/www.arb.ro\/en\/conferinta-de-presa-pe-tema-legii-privind-darea-in-plata\/","url":"https:\/\/www.arb.ro\/en\/conferinta-de-presa-pe-tema-legii-privind-darea-in-plata\/","name":"Conferin\u021ba de pres\u0103 BNR pe tema Legii privind darea \u00een plat\u0103 - Asocia\u021bia Rom\u00e2n\u0103 a B\u0103ncilor (ARB)","isPartOf":{"@id":"https:\/\/www.arb.ro\/#website"},"datePublished":"2015-12-11T15:57:03+00:00","dateModified":"2024-01-26T18:12:36+00:00","breadcrumb":{"@id":"https:\/\/www.arb.ro\/en\/conferinta-de-presa-pe-tema-legii-privind-darea-in-plata\/#breadcrumb"},"inLanguage":"en-US","potentialAction":[{"@type":"ReadAction","target":["https:\/\/www.arb.ro\/en\/conferinta-de-presa-pe-tema-legii-privind-darea-in-plata\/"]}]},{"@type":"BreadcrumbList","@id":"https:\/\/www.arb.ro\/en\/conferinta-de-presa-pe-tema-legii-privind-darea-in-plata\/#breadcrumb","itemListElement":[{"@type":"ListItem","position":1,"name":"Home","item":"https:\/\/www.arb.ro\/"},{"@type":"ListItem","position":2,"name":"Conferin\u021ba de pres\u0103 BNR pe tema Legii privind darea \u00een plat\u0103"}]},{"@type":"WebSite","@id":"https:\/\/www.arb.ro\/#website","url":"https:\/\/www.arb.ro\/","name":"Asocia\u021bia Rom\u00e2n\u0103 a B\u0103ncilor (ARB)","description":"Romanian Association of Banks","publisher":{"@id":"https:\/\/www.arb.ro\/#organization"},"potentialAction":[{"@type":"SearchAction","target":{"@type":"EntryPoint","urlTemplate":"https:\/\/www.arb.ro\/?s={search_term_string}"},"query-input":{"@type":"PropertyValueSpecification","valueRequired":true,"valueName":"search_term_string"}}],"inLanguage":"en-US"},{"@type":"Organization","@id":"https:\/\/www.arb.ro\/#organization","name":"Asocia\u021bia Rom\u00e2n\u0103 a B\u0103ncilor (ARB)","url":"https:\/\/www.arb.ro\/","logo":{"@type":"ImageObject","inLanguage":"en-US","@id":"https:\/\/www.arb.ro\/#\/schema\/logo\/image\/","url":"https:\/\/www.arb.ro\/wp-content\/uploads\/ARB_35_TRANSPARENCY.png","contentUrl":"https:\/\/www.arb.ro\/wp-content\/uploads\/ARB_35_TRANSPARENCY.png","width":1820,"height":1987,"caption":"Asocia\u021bia Rom\u00e2n\u0103 a B\u0103ncilor (ARB)"},"image":{"@id":"https:\/\/www.arb.ro\/#\/schema\/logo\/image\/"}},{"@type":"Person","@id":"https:\/\/www.arb.ro\/#\/schema\/person\/dee91fbc10f29d0338e589f6bc22010f","name":"Julius","url":"https:\/\/www.arb.ro\/en\/author\/iulianr\/"}]}},"_links":{"self":[{"href":"https:\/\/www.arb.ro\/en\/wp-json\/wp\/v2\/posts\/5133","targetHints":{"allow":["GET"]}}],"collection":[{"href":"https:\/\/www.arb.ro\/en\/wp-json\/wp\/v2\/posts"}],"about":[{"href":"https:\/\/www.arb.ro\/en\/wp-json\/wp\/v2\/types\/post"}],"author":[{"embeddable":true,"href":"https:\/\/www.arb.ro\/en\/wp-json\/wp\/v2\/users\/3"}],"replies":[{"embeddable":true,"href":"https:\/\/www.arb.ro\/en\/wp-json\/wp\/v2\/comments?post=5133"}],"version-history":[{"count":0,"href":"https:\/\/www.arb.ro\/en\/wp-json\/wp\/v2\/posts\/5133\/revisions"}],"wp:attachment":[{"href":"https:\/\/www.arb.ro\/en\/wp-json\/wp\/v2\/media?parent=5133"}],"wp:term":[{"taxonomy":"category","embeddable":true,"href":"https:\/\/www.arb.ro\/en\/wp-json\/wp\/v2\/categories?post=5133"},{"taxonomy":"post_tag","embeddable":true,"href":"https:\/\/www.arb.ro\/en\/wp-json\/wp\/v2\/tags?post=5133"}],"curies":[{"name":"wp","href":"https:\/\/api.w.org\/{rel}","templated":true}]}}