{"id":3673939,"date":"2016-03-16T09:11:02","date_gmt":"2016-03-16T09:11:02","guid":{"rendered":"https:\/\/new.arb.ro\/?p=3673939"},"modified":"2024-01-26T21:22:09","modified_gmt":"2024-01-26T19:22:09","slug":"european-money-week-14-18-martie-2016","status":"publish","type":"post","link":"https:\/\/www.arb.ro\/en\/european-money-week-14-18-martie-2016\/","title":{"rendered":"European Money Week 14-18 martie 2016 - only in romanian"},"content":{"rendered":"<div data-elementor-type=\"wp-post\" data-elementor-id=\"3673939\" class=\"elementor elementor-3673939\" data-elementor-post-type=\"post\">\n\t\t\t\t<div class=\"elementor-element elementor-element-49226c28 e-flex e-con-boxed e-con e-parent\" data-id=\"49226c28\" data-element_type=\"container\" data-e-type=\"container\">\n\t\t\t\t\t<div class=\"e-con-inner\">\n\t\t\t\t<div class=\"elementor-element elementor-element-1bf79df1 elementor-widget elementor-widget-text-editor\" data-id=\"1bf79df1\" data-element_type=\"widget\" data-e-type=\"widget\" data-widget_type=\"text-editor.default\">\n\t\t\t\t<div class=\"elementor-widget-container\">\n\t\t\t\t\t\t\t\t\t<p style=\"text-align: justify;\">Asocia\u0163ia Rom\u00e2n\u0103 a B\u0103ncilor (ARB) organizeaz\u0103, \u00een s\u0103pt\u0103m\u00e2na 14 &#8211; 18 martie 2016, cea de a doua edi\u0163ie a programului <strong>European Money Week<\/strong>. Institutul Bancar Rom\u00e2n este partenerul educa\u0163ional al comunit\u0103\u0163ii bancare \u00een aceast\u0103 edi\u0163ie a programului.<\/p><p style=\"text-align: justify;\">Programul <strong>European Money Week<\/strong>, care a debutat \u00een anul 2015, se desf\u0103\u015foar\u0103 simultan \u00een statele membre ale Uniunii Europene fiind o ac\u0163iune ini\u0163iat\u0103 de asocia\u0163iile bancare membre ale Federa\u0163iei Bancare Europene (FBE). Obiectivul organiz\u0103rii European Money Week la nivelul Uniunii Europene este cre\u0219terea nivelului de con\u0219tientizare privind importan\u021ba educa\u021biei financiare. Educa\u021bia financiar\u0103 promoveaz\u0103 o rela\u021bie echilibrat\u0103 \u00eentre clien\u021bi \u0219i b\u0103nci la nivel micro, iar la nivel macro clien\u021bii bancari educa\u021bi asigur\u0103 stabilitatea sistemului.<\/p><p style=\"text-align: justify;\">\u00cen cadrul primei edi\u0163ii a European Money Week, Asocia\u0163ia Rom\u00e2n\u0103 a B\u0103ncilor a lansat site-ul dedicat de educa\u0163ie financiar\u0103 <strong><a href=\"http:\/\/www.educatiefinanciara.info\">www.educatiefinanciara.info<\/a><\/strong> \u00een dorin\u0163a de a promova pentru publicul larg informa\u0163iile de natur\u0103 financiar bancar\u0103 care permit asumarea corespunz\u0103toare a drepturilor, obliga\u0163iilor \u015fi riscurilor de natur\u0103 financiar\u0103.<\/p><p style=\"text-align: justify;\">La edi\u0163ia din acest an a programului European Money Week, Asocia\u0163ia Rom\u00e2n\u0103 a B\u0103ncilor \u015fi Institutul Bancar Rom\u00e2n organizeaz\u0103 conferin\u021ba &#8222;<strong>ROLUL INDUSTRIEI FINANCIARE \u00ceN ECONOMIE \u015eI COSTUL EDUCA\u0162IEI FINANCIARE<\/strong>&#8222;, \u00een data de 14 martie 2016, conform programului anexat. La aceast\u0103 dezbatere vor participa reprezentan\u0163ii industriei financiare, ai mediului academic, mass media etc.<\/p>\t\t\t\t\t\t\t\t<\/div>\n\t\t\t\t<\/div>\n\t\t\t\t\t<\/div>\n\t\t\t\t<\/div>\n\t\t<div class=\"elementor-element elementor-element-2e02bff e-flex e-con-boxed e-con e-parent\" data-id=\"2e02bff\" data-element_type=\"container\" data-e-type=\"container\">\n\t\t\t\t\t<div class=\"e-con-inner\">\n\t\t\t\t<div class=\"elementor-element elementor-element-6d5424a elementor-widget elementor-widget-heading\" data-id=\"6d5424a\" data-element_type=\"widget\" data-e-type=\"widget\" data-widget_type=\"heading.default\">\n\t\t\t\t<div class=\"elementor-widget-container\">\n\t\t\t\t\t<h2 class=\"elementor-heading-title elementor-size-default\"><strong>Agenda seminar 14.03.2016<\/strong><\/h2>\t\t\t\t<\/div>\n\t\t\t\t<\/div>\n\t\t\t\t<div class=\"elementor-element elementor-element-a38d2ec elementor-widget elementor-widget-button\" data-id=\"a38d2ec\" data-element_type=\"widget\" data-e-type=\"widget\" data-widget_type=\"button.default\">\n\t\t\t\t<div class=\"elementor-widget-container\">\n\t\t\t\t\t\t\t\t\t<div class=\"elementor-button-wrapper\">\n\t\t\t\t\t<a class=\"elementor-button elementor-button-link elementor-size-sm\" href=\"\/wp-content\/uploads\/EMW-Agenda-seminar-14032016.pdf\" target=\"_blank\">\n\t\t\t\t\t\t<span class=\"elementor-button-content-wrapper\">\n\t\t\t\t\t\t\t\t\t<span class=\"elementor-button-text\">Download<\/span>\n\t\t\t\t\t<\/span>\n\t\t\t\t\t<\/a>\n\t\t\t\t<\/div>\n\t\t\t\t\t\t\t\t<\/div>\n\t\t\t\t<\/div>\n\t\t\t\t<div class=\"elementor-element elementor-element-2a50c44 elementor-widget elementor-widget-text-editor\" data-id=\"2a50c44\" data-element_type=\"widget\" data-e-type=\"widget\" data-widget_type=\"text-editor.default\">\n\t\t\t\t<div class=\"elementor-widget-container\">\n\t\t\t\t\t\t\t\t\t<p>De asemenea, \u00een data de 16 martie 2016, Asocia\u0163ia Rom\u00e2n\u0103 a B\u0103ncilor \u015fi Institutul Bancar Rom\u00e2n vor organiza seminarul &#8222;IMPORTAN\u021aA EDUCA\u021aIEI FINANCIARE PENTRU UN T\u00c2N\u0102R ANTREPRENOR&#8221;, conform programului anexat. Audien\u0163a invitat\u0103 este format\u0103 din studen\u0163i\/elevi \u00een anii terminali.<\/p>\t\t\t\t\t\t\t\t<\/div>\n\t\t\t\t<\/div>\n\t\t\t\t<div class=\"elementor-element elementor-element-dc63075 elementor-widget elementor-widget-heading\" data-id=\"dc63075\" data-element_type=\"widget\" data-e-type=\"widget\" data-widget_type=\"heading.default\">\n\t\t\t\t<div class=\"elementor-widget-container\">\n\t\t\t\t\t<h2 class=\"elementor-heading-title elementor-size-default\"><strong>Agenda seminar 16.03.2016<\/strong><\/h2>\t\t\t\t<\/div>\n\t\t\t\t<\/div>\n\t\t\t\t<div class=\"elementor-element elementor-element-1be87bb elementor-widget elementor-widget-button\" data-id=\"1be87bb\" data-element_type=\"widget\" data-e-type=\"widget\" data-widget_type=\"button.default\">\n\t\t\t\t<div class=\"elementor-widget-container\">\n\t\t\t\t\t\t\t\t\t<div class=\"elementor-button-wrapper\">\n\t\t\t\t\t<a class=\"elementor-button elementor-button-link elementor-size-sm\" href=\"\/wp-content\/uploads\/EMW-Agenda-seminar-16032016.pdf\" target=\"_blank\">\n\t\t\t\t\t\t<span class=\"elementor-button-content-wrapper\">\n\t\t\t\t\t\t\t\t\t<span class=\"elementor-button-text\">Download<\/span>\n\t\t\t\t\t<\/span>\n\t\t\t\t\t<\/a>\n\t\t\t\t<\/div>\n\t\t\t\t\t\t\t\t<\/div>\n\t\t\t\t<\/div>\n\t\t\t\t<div class=\"elementor-element elementor-element-7be1d2c elementor-widget elementor-widget-image\" data-id=\"7be1d2c\" data-element_type=\"widget\" data-e-type=\"widget\" data-widget_type=\"image.default\">\n\t\t\t\t<div class=\"elementor-widget-container\">\n\t\t\t\t\t\t\t\t\t\t\t\t\t\t\t\t<a href=\"\/wp-content\/uploads\/European-Money-Week-2016.jpg\" target=\"_blank\">\n\t\t\t\t\t\t\t<img fetchpriority=\"high\" decoding=\"async\" width=\"532\" height=\"318\" src=\"https:\/\/www.arb.ro\/wp-content\/uploads\/European-Money-Week-2016.jpg\" class=\"attachment-medium_large size-medium_large wp-image-2645796\" alt=\"\" srcset=\"https:\/\/www.arb.ro\/wp-content\/uploads\/European-Money-Week-2016.jpg 532w, https:\/\/www.arb.ro\/wp-content\/uploads\/European-Money-Week-2016-300x179.jpg 300w\" sizes=\"(max-width: 532px) 100vw, 532px\" \/>\t\t\t\t\t\t\t\t<\/a>\n\t\t\t\t\t\t\t\t\t\t\t\t\t\t\t<\/div>\n\t\t\t\t<\/div>\n\t\t\t\t\t<\/div>\n\t\t\t\t<\/div>\n\t\t\t\t<\/div>","protected":false},"excerpt":{"rendered":"<p>Asocia\u0163ia Rom\u00e2n\u0103 a B\u0103ncilor (ARB) organizeaz\u0103, \u00een s\u0103pt\u0103m\u00e2na 14 &#8211; 18 martie 2016, cea de a doua edi\u0163ie a programului European Money Week.<\/p>","protected":false},"author":3,"featured_media":0,"comment_status":"closed","ping_status":"closed","sticky":false,"template":"","format":"standard","meta":{"inline_featured_image":false,"footnotes":""},"categories":[4],"tags":[],"class_list":["post-3673939","post","type-post","status-publish","format-standard","hentry","category-noutati"],"acf":[],"yoast_head":"<!-- This site is optimized with the Yoast SEO plugin v27.4 - https:\/\/yoast.com\/product\/yoast-seo-wordpress\/ -->\n<title>European Money Week 14-18 martie 2016 - Asocia\u021bia Rom\u00e2n\u0103 a B\u0103ncilor (ARB)<\/title>\n<meta name=\"robots\" content=\"index, follow, max-snippet:-1, max-image-preview:large, max-video-preview:-1\" \/>\n<link rel=\"canonical\" href=\"https:\/\/www.arb.ro\/en\/european-money-week-14-18-martie-2016\/\" \/>\n<meta property=\"og:locale\" content=\"en_US\" \/>\n<meta property=\"og:type\" content=\"article\" \/>\n<meta property=\"og:title\" content=\"European Money Week 14-18 martie 2016 - Asocia\u021bia Rom\u00e2n\u0103 a B\u0103ncilor (ARB)\" \/>\n<meta property=\"og:description\" content=\"Asocia\u0163ia Rom\u00e2n\u0103 a B\u0103ncilor (ARB) organizeaz\u0103, \u00een s\u0103pt\u0103m\u00e2na 14 - 18 martie 2016, cea de a doua edi\u0163ie a programului European Money Week.\" \/>\n<meta property=\"og:url\" content=\"https:\/\/www.arb.ro\/en\/european-money-week-14-18-martie-2016\/\" \/>\n<meta property=\"og:site_name\" content=\"Asocia\u021bia Rom\u00e2n\u0103 a B\u0103ncilor (ARB)\" \/>\n<meta property=\"article:published_time\" content=\"2016-03-16T09:11:02+00:00\" \/>\n<meta property=\"article:modified_time\" content=\"2024-01-26T19:22:09+00:00\" \/>\n<meta property=\"og:image\" content=\"https:\/\/new.arb.ro\/wp-content\/uploads\/European-Money-Week-2016.jpg\" \/>\n<meta name=\"author\" content=\"Julius\" \/>\n<meta name=\"twitter:card\" content=\"summary_large_image\" \/>\n<meta name=\"twitter:label1\" content=\"Written by\" \/>\n\t<meta name=\"twitter:data1\" content=\"Julius\" \/>\n\t<meta name=\"twitter:label2\" content=\"Est. reading time\" \/>\n\t<meta name=\"twitter:data2\" content=\"2 minutes\" \/>\n<script type=\"application\/ld+json\" class=\"yoast-schema-graph\">{\"@context\":\"https:\\\/\\\/schema.org\",\"@graph\":[{\"@type\":\"Article\",\"@id\":\"https:\\\/\\\/www.arb.ro\\\/european-money-week-14-18-martie-2016\\\/#article\",\"isPartOf\":{\"@id\":\"https:\\\/\\\/www.arb.ro\\\/european-money-week-14-18-martie-2016\\\/\"},\"author\":{\"name\":\"Julius\",\"@id\":\"https:\\\/\\\/www.arb.ro\\\/#\\\/schema\\\/person\\\/dee91fbc10f29d0338e589f6bc22010f\"},\"headline\":\"European Money Week 14-18 martie 2016\",\"datePublished\":\"2016-03-16T09:11:02+00:00\",\"dateModified\":\"2024-01-26T19:22:09+00:00\",\"mainEntityOfPage\":{\"@id\":\"https:\\\/\\\/www.arb.ro\\\/european-money-week-14-18-martie-2016\\\/\"},\"wordCount\":309,\"publisher\":{\"@id\":\"https:\\\/\\\/www.arb.ro\\\/#organization\"},\"image\":{\"@id\":\"https:\\\/\\\/www.arb.ro\\\/european-money-week-14-18-martie-2016\\\/#primaryimage\"},\"thumbnailUrl\":\"https:\\\/\\\/new.arb.ro\\\/wp-content\\\/uploads\\\/European-Money-Week-2016.jpg\",\"articleSection\":[\"Nout\u0103\u021bi\"],\"inLanguage\":\"en-US\"},{\"@type\":\"WebPage\",\"@id\":\"https:\\\/\\\/www.arb.ro\\\/european-money-week-14-18-martie-2016\\\/\",\"url\":\"https:\\\/\\\/www.arb.ro\\\/european-money-week-14-18-martie-2016\\\/\",\"name\":\"European Money Week 14-18 martie 2016 - Asocia\u021bia Rom\u00e2n\u0103 a B\u0103ncilor (ARB)\",\"isPartOf\":{\"@id\":\"https:\\\/\\\/www.arb.ro\\\/#website\"},\"primaryImageOfPage\":{\"@id\":\"https:\\\/\\\/www.arb.ro\\\/european-money-week-14-18-martie-2016\\\/#primaryimage\"},\"image\":{\"@id\":\"https:\\\/\\\/www.arb.ro\\\/european-money-week-14-18-martie-2016\\\/#primaryimage\"},\"thumbnailUrl\":\"https:\\\/\\\/new.arb.ro\\\/wp-content\\\/uploads\\\/European-Money-Week-2016.jpg\",\"datePublished\":\"2016-03-16T09:11:02+00:00\",\"dateModified\":\"2024-01-26T19:22:09+00:00\",\"breadcrumb\":{\"@id\":\"https:\\\/\\\/www.arb.ro\\\/european-money-week-14-18-martie-2016\\\/#breadcrumb\"},\"inLanguage\":\"en-US\",\"potentialAction\":[{\"@type\":\"ReadAction\",\"target\":[\"https:\\\/\\\/www.arb.ro\\\/european-money-week-14-18-martie-2016\\\/\"]}]},{\"@type\":\"ImageObject\",\"inLanguage\":\"en-US\",\"@id\":\"https:\\\/\\\/www.arb.ro\\\/european-money-week-14-18-martie-2016\\\/#primaryimage\",\"url\":\"https:\\\/\\\/new.arb.ro\\\/wp-content\\\/uploads\\\/European-Money-Week-2016.jpg\",\"contentUrl\":\"https:\\\/\\\/new.arb.ro\\\/wp-content\\\/uploads\\\/European-Money-Week-2016.jpg\"},{\"@type\":\"BreadcrumbList\",\"@id\":\"https:\\\/\\\/www.arb.ro\\\/european-money-week-14-18-martie-2016\\\/#breadcrumb\",\"itemListElement\":[{\"@type\":\"ListItem\",\"position\":1,\"name\":\"Home\",\"item\":\"https:\\\/\\\/www.arb.ro\\\/\"},{\"@type\":\"ListItem\",\"position\":2,\"name\":\"European Money Week 14-18 martie 2016\"}]},{\"@type\":\"WebSite\",\"@id\":\"https:\\\/\\\/www.arb.ro\\\/#website\",\"url\":\"https:\\\/\\\/www.arb.ro\\\/\",\"name\":\"Asocia\u021bia Rom\u00e2n\u0103 a B\u0103ncilor (ARB)\",\"description\":\"Asocia\u021bia Rom\u00e2n\u0103 a B\u0103ncilor\",\"publisher\":{\"@id\":\"https:\\\/\\\/www.arb.ro\\\/#organization\"},\"potentialAction\":[{\"@type\":\"SearchAction\",\"target\":{\"@type\":\"EntryPoint\",\"urlTemplate\":\"https:\\\/\\\/www.arb.ro\\\/?s={search_term_string}\"},\"query-input\":{\"@type\":\"PropertyValueSpecification\",\"valueRequired\":true,\"valueName\":\"search_term_string\"}}],\"inLanguage\":\"en-US\"},{\"@type\":\"Organization\",\"@id\":\"https:\\\/\\\/www.arb.ro\\\/#organization\",\"name\":\"Asocia\u021bia Rom\u00e2n\u0103 a B\u0103ncilor (ARB)\",\"url\":\"https:\\\/\\\/www.arb.ro\\\/\",\"logo\":{\"@type\":\"ImageObject\",\"inLanguage\":\"en-US\",\"@id\":\"https:\\\/\\\/www.arb.ro\\\/#\\\/schema\\\/logo\\\/image\\\/\",\"url\":\"https:\\\/\\\/www.arb.ro\\\/wp-content\\\/uploads\\\/ARB_35_TRANSPARENCY.png\",\"contentUrl\":\"https:\\\/\\\/www.arb.ro\\\/wp-content\\\/uploads\\\/ARB_35_TRANSPARENCY.png\",\"width\":1820,\"height\":1987,\"caption\":\"Asocia\u021bia Rom\u00e2n\u0103 a B\u0103ncilor (ARB)\"},\"image\":{\"@id\":\"https:\\\/\\\/www.arb.ro\\\/#\\\/schema\\\/logo\\\/image\\\/\"}},{\"@type\":\"Person\",\"@id\":\"https:\\\/\\\/www.arb.ro\\\/#\\\/schema\\\/person\\\/dee91fbc10f29d0338e589f6bc22010f\",\"name\":\"Julius\",\"image\":{\"@type\":\"ImageObject\",\"inLanguage\":\"en-US\",\"@id\":\"https:\\\/\\\/secure.gravatar.com\\\/avatar\\\/a150566e73bdc5dcfc20cd2566475302134db2bf8a825e694a349ea596e418c9?s=96&d=mm&r=g\",\"url\":\"https:\\\/\\\/secure.gravatar.com\\\/avatar\\\/a150566e73bdc5dcfc20cd2566475302134db2bf8a825e694a349ea596e418c9?s=96&d=mm&r=g\",\"contentUrl\":\"https:\\\/\\\/secure.gravatar.com\\\/avatar\\\/a150566e73bdc5dcfc20cd2566475302134db2bf8a825e694a349ea596e418c9?s=96&d=mm&r=g\",\"caption\":\"Julius\"},\"url\":\"https:\\\/\\\/www.arb.ro\\\/en\\\/author\\\/iulianr\\\/\"}]}<\/script>\n<!-- \/ Yoast SEO plugin. -->","yoast_head_json":{"title":"European Money Week 14-18 martie 2016 - Asocia\u021bia Rom\u00e2n\u0103 a B\u0103ncilor (ARB)","robots":{"index":"index","follow":"follow","max-snippet":"max-snippet:-1","max-image-preview":"max-image-preview:large","max-video-preview":"max-video-preview:-1"},"canonical":"https:\/\/www.arb.ro\/en\/european-money-week-14-18-martie-2016\/","og_locale":"en_US","og_type":"article","og_title":"European Money Week 14-18 martie 2016 - Asocia\u021bia Rom\u00e2n\u0103 a B\u0103ncilor (ARB)","og_description":"Asocia\u0163ia Rom\u00e2n\u0103 a B\u0103ncilor (ARB) organizeaz\u0103, \u00een s\u0103pt\u0103m\u00e2na 14 - 18 martie 2016, cea de a doua edi\u0163ie a programului European Money Week.","og_url":"https:\/\/www.arb.ro\/en\/european-money-week-14-18-martie-2016\/","og_site_name":"Asocia\u021bia Rom\u00e2n\u0103 a B\u0103ncilor (ARB)","article_published_time":"2016-03-16T09:11:02+00:00","article_modified_time":"2024-01-26T19:22:09+00:00","og_image":[{"url":"https:\/\/new.arb.ro\/wp-content\/uploads\/European-Money-Week-2016.jpg","type":"","width":"","height":""}],"author":"Julius","twitter_card":"summary_large_image","twitter_misc":{"Written by":"Julius","Est. reading time":"2 minutes"},"schema":{"@context":"https:\/\/schema.org","@graph":[{"@type":"Article","@id":"https:\/\/www.arb.ro\/european-money-week-14-18-martie-2016\/#article","isPartOf":{"@id":"https:\/\/www.arb.ro\/european-money-week-14-18-martie-2016\/"},"author":{"name":"Julius","@id":"https:\/\/www.arb.ro\/#\/schema\/person\/dee91fbc10f29d0338e589f6bc22010f"},"headline":"European Money Week 14-18 martie 2016","datePublished":"2016-03-16T09:11:02+00:00","dateModified":"2024-01-26T19:22:09+00:00","mainEntityOfPage":{"@id":"https:\/\/www.arb.ro\/european-money-week-14-18-martie-2016\/"},"wordCount":309,"publisher":{"@id":"https:\/\/www.arb.ro\/#organization"},"image":{"@id":"https:\/\/www.arb.ro\/european-money-week-14-18-martie-2016\/#primaryimage"},"thumbnailUrl":"https:\/\/new.arb.ro\/wp-content\/uploads\/European-Money-Week-2016.jpg","articleSection":["Nout\u0103\u021bi"],"inLanguage":"en-US"},{"@type":"WebPage","@id":"https:\/\/www.arb.ro\/european-money-week-14-18-martie-2016\/","url":"https:\/\/www.arb.ro\/european-money-week-14-18-martie-2016\/","name":"European Money Week 14-18 martie 2016 - Asocia\u021bia Rom\u00e2n\u0103 a B\u0103ncilor (ARB)","isPartOf":{"@id":"https:\/\/www.arb.ro\/#website"},"primaryImageOfPage":{"@id":"https:\/\/www.arb.ro\/european-money-week-14-18-martie-2016\/#primaryimage"},"image":{"@id":"https:\/\/www.arb.ro\/european-money-week-14-18-martie-2016\/#primaryimage"},"thumbnailUrl":"https:\/\/new.arb.ro\/wp-content\/uploads\/European-Money-Week-2016.jpg","datePublished":"2016-03-16T09:11:02+00:00","dateModified":"2024-01-26T19:22:09+00:00","breadcrumb":{"@id":"https:\/\/www.arb.ro\/european-money-week-14-18-martie-2016\/#breadcrumb"},"inLanguage":"en-US","potentialAction":[{"@type":"ReadAction","target":["https:\/\/www.arb.ro\/european-money-week-14-18-martie-2016\/"]}]},{"@type":"ImageObject","inLanguage":"en-US","@id":"https:\/\/www.arb.ro\/european-money-week-14-18-martie-2016\/#primaryimage","url":"https:\/\/new.arb.ro\/wp-content\/uploads\/European-Money-Week-2016.jpg","contentUrl":"https:\/\/new.arb.ro\/wp-content\/uploads\/European-Money-Week-2016.jpg"},{"@type":"BreadcrumbList","@id":"https:\/\/www.arb.ro\/european-money-week-14-18-martie-2016\/#breadcrumb","itemListElement":[{"@type":"ListItem","position":1,"name":"Home","item":"https:\/\/www.arb.ro\/"},{"@type":"ListItem","position":2,"name":"European Money Week 14-18 martie 2016"}]},{"@type":"WebSite","@id":"https:\/\/www.arb.ro\/#website","url":"https:\/\/www.arb.ro\/","name":"Asocia\u021bia Rom\u00e2n\u0103 a B\u0103ncilor (ARB)","description":"Romanian Association of Banks","publisher":{"@id":"https:\/\/www.arb.ro\/#organization"},"potentialAction":[{"@type":"SearchAction","target":{"@type":"EntryPoint","urlTemplate":"https:\/\/www.arb.ro\/?s={search_term_string}"},"query-input":{"@type":"PropertyValueSpecification","valueRequired":true,"valueName":"search_term_string"}}],"inLanguage":"en-US"},{"@type":"Organization","@id":"https:\/\/www.arb.ro\/#organization","name":"Asocia\u021bia Rom\u00e2n\u0103 a B\u0103ncilor (ARB)","url":"https:\/\/www.arb.ro\/","logo":{"@type":"ImageObject","inLanguage":"en-US","@id":"https:\/\/www.arb.ro\/#\/schema\/logo\/image\/","url":"https:\/\/www.arb.ro\/wp-content\/uploads\/ARB_35_TRANSPARENCY.png","contentUrl":"https:\/\/www.arb.ro\/wp-content\/uploads\/ARB_35_TRANSPARENCY.png","width":1820,"height":1987,"caption":"Asocia\u021bia Rom\u00e2n\u0103 a B\u0103ncilor (ARB)"},"image":{"@id":"https:\/\/www.arb.ro\/#\/schema\/logo\/image\/"}},{"@type":"Person","@id":"https:\/\/www.arb.ro\/#\/schema\/person\/dee91fbc10f29d0338e589f6bc22010f","name":"Julius","image":{"@type":"ImageObject","inLanguage":"en-US","@id":"https:\/\/secure.gravatar.com\/avatar\/a150566e73bdc5dcfc20cd2566475302134db2bf8a825e694a349ea596e418c9?s=96&d=mm&r=g","url":"https:\/\/secure.gravatar.com\/avatar\/a150566e73bdc5dcfc20cd2566475302134db2bf8a825e694a349ea596e418c9?s=96&d=mm&r=g","contentUrl":"https:\/\/secure.gravatar.com\/avatar\/a150566e73bdc5dcfc20cd2566475302134db2bf8a825e694a349ea596e418c9?s=96&d=mm&r=g","caption":"Julius"},"url":"https:\/\/www.arb.ro\/en\/author\/iulianr\/"}]}},"_links":{"self":[{"href":"https:\/\/www.arb.ro\/en\/wp-json\/wp\/v2\/posts\/3673939","targetHints":{"allow":["GET"]}}],"collection":[{"href":"https:\/\/www.arb.ro\/en\/wp-json\/wp\/v2\/posts"}],"about":[{"href":"https:\/\/www.arb.ro\/en\/wp-json\/wp\/v2\/types\/post"}],"author":[{"embeddable":true,"href":"https:\/\/www.arb.ro\/en\/wp-json\/wp\/v2\/users\/3"}],"replies":[{"embeddable":true,"href":"https:\/\/www.arb.ro\/en\/wp-json\/wp\/v2\/comments?post=3673939"}],"version-history":[{"count":0,"href":"https:\/\/www.arb.ro\/en\/wp-json\/wp\/v2\/posts\/3673939\/revisions"}],"wp:attachment":[{"href":"https:\/\/www.arb.ro\/en\/wp-json\/wp\/v2\/media?parent=3673939"}],"wp:term":[{"taxonomy":"category","embeddable":true,"href":"https:\/\/www.arb.ro\/en\/wp-json\/wp\/v2\/categories?post=3673939"},{"taxonomy":"post_tag","embeddable":true,"href":"https:\/\/www.arb.ro\/en\/wp-json\/wp\/v2\/tags?post=3673939"}],"curies":[{"name":"wp","href":"https:\/\/api.w.org\/{rel}","templated":true}]}}