{"id":2786437,"date":"2022-02-28T17:39:08","date_gmt":"2022-02-28T15:39:08","guid":{"rendered":"https:\/\/www.arb.ro\/?p=2786437"},"modified":"2024-01-15T16:04:04","modified_gmt":"2024-01-15T14:04:04","slug":"ministrul-finantelor-si-arb-au-discutat-despre-finantarea-economiei-romanesti-si-despre-protejarea-cetatenilor-in-contextul-conflictului-din-ucraina","status":"publish","type":"post","link":"https:\/\/www.arb.ro\/en\/ministrul-finantelor-si-arb-au-discutat-despre-finantarea-economiei-romanesti-si-despre-protejarea-cetatenilor-in-contextul-conflictului-din-ucraina\/","title":{"rendered":"Ministrul Finan\u021belor \u0219i ARB au discutat despre finan\u021barea economiei rom\u00e2ne\u0219ti \u0219i despre protejarea cet\u0103\u021benilor \u00een contextul conflictului din Ucraina - only in romanian"},"content":{"rendered":"<div data-elementor-type=\"wp-post\" data-elementor-id=\"2786437\" class=\"elementor elementor-2786437\" data-elementor-post-type=\"post\">\n\t\t\t\t<div class=\"elementor-element elementor-element-6c2c41ac e-flex e-con-boxed e-con e-parent\" data-id=\"6c2c41ac\" data-element_type=\"container\" data-e-type=\"container\">\n\t\t\t\t\t<div class=\"e-con-inner\">\n\t\t\t\t<div class=\"elementor-element elementor-element-5478c48d elementor-widget elementor-widget-text-editor\" data-id=\"5478c48d\" data-element_type=\"widget\" data-e-type=\"widget\" data-widget_type=\"text-editor.default\">\n\t\t\t\t<div class=\"elementor-widget-container\">\n\t\t\t\t\t\t\t\t\t<p style=\"text-align: justify;\">Ministrul Finan\u021belor, dl Adrian C\u00e2ciu, \u0219i reprezentan\u021bii Asocia\u021biei Rom\u00e2ne a B\u0103ncilor au discutat luni, 28 februarie a.c., despre m\u0103surile de finan\u021bare a economiei rom\u00e2ne\u0219ti \u0219i despre protejarea cet\u0103\u021benilor \u00een contextul generat at\u00e2t de conflictul din Ucraina, c\u00e2t \u0219i de puseul infla\u021bionist cauzat de cre\u0219terea pre\u021burilor la energie \u0219i combustibil.<\/p><p style=\"text-align: justify;\"><em>\u201dRom\u00e2nia va aplica toate sanc\u021biunile decise la nivel european \u0219i interna\u021bional \u0219i, \u00een colaborare cu toate institu\u021biile implicate, se va asigura c\u0103 acestea au efect imediat, ferm \u0219i concret. Totodat\u0103, trebuie asigurate toate instrumentele de finan\u021bare \u0219i de capital astfel \u00eenc\u00e2t economia rom\u00e2neasc\u0103 \u0219i cet\u0103\u021benii s\u0103 fie proteja\u021bi, iar proiectele de dezvoltare finan\u021bate prin fonduri europene \u0219i na\u021bionale s\u0103 continue. Acest lucru va fi realizat \u00een continuare \u00eentr-un parteneriat real \u00eentre stat, economie, cet\u0103\u021beni \u0219i capital\u201d, <\/em>a declarat dl Adrian C\u00e2ciu, ministrul Finan\u021belor.<\/p><p style=\"text-align: justify;\">Comunitatea bancar\u0103 \u0219i-a exprimat disponibilitatea de a sus\u021bine finan\u021barea economiei, de identificare a unor solu\u021bii \u00een sprijinul cet\u0103\u021benilor care au credite, dar \u0219i pentru sus\u021binerea prin instrumente specifice a proiectelor aferente Planului Na\u021bional de Redresare \u0219i Rezilien\u021b\u0103 \u0219i a programelor structurale.<\/p><p style=\"text-align: justify;\">Cele dou\u0103 p\u0103r\u021bi au discutat \u0219i despre necesitatea identific\u0103rii unor mecanisme de finan\u021bare prin care sistemul bancar s\u0103 sprijine \u00een continuare dezvoltarea mediului de afaceri. B\u0103ncile au sus\u021binut popula\u021bia \u0219i companiile \u00een perioada pandemiei, prin acordarea de finan\u021b\u0103ri \u00een cel mai sus\u021binut ritm de la criza financiar\u0103 trecut\u0103.<\/p><p style=\"text-align: justify;\">Asocia\u021bia Rom\u00e2n\u0103 a B\u0103ncilor a dat asigur\u0103ri c\u0103 sistemul bancar este solid \u0219i rezilient.<\/p><p style=\"text-align: justify;\"><em>\u201dObiectivul comunit\u0103\u021bii bancare este cre\u0219terea gradului de intermediere financiar\u0103 spre media european\u0103 de 92% \u0219i a nivelului incluziunii financiare, de la 67% spre media european\u0103 de 95%\u201d<\/em>, a declarat dl Bogdan Neac\u0219u, pre\u0219edintele Consiliului Director al Asocia\u021biei Rom\u00e2ne a B\u0103ncilor.<\/p><p style=\"text-align: justify;\">Indicatorii-cheie precum solvabilitatea, gradul de acoperire cu provizioane a creditelor neperformante \u0219i cel de acoperire a necesarului de lichiditate \u00eenregistreaz\u0103 valori care pozi\u021bioneaz\u0103 sistemul bancar rom\u00e2nesc \u00eentr-o zon\u0103 de stabilitate ridicat\u0103.<\/p><p style=\"text-align: justify;\">Ministerul Finan\u021belor \u0219i Asocia\u021bia Rom\u00e2n\u0103 a B\u0103ncilor vor continua dialogul structurat pentru identificarea celor mai bune m\u0103suri \u00een func\u021bie de evolu\u021bia situa\u021biei interna\u021bionale generate de conflictul din Ucraina \u0219i de aplicare a deciziilor la nivel european \u00een acest context.<\/p>\t\t\t\t\t\t\t\t<\/div>\n\t\t\t\t<\/div>\n\t\t\t\t\t<\/div>\n\t\t\t\t<\/div>\n\t\t\t\t<\/div>","protected":false},"excerpt":{"rendered":"<p>Ministrul Finan\u021belor, dl Adrian C\u00e2ciu, \u0219i reprezentan\u021bii Asocia\u021biei Rom\u00e2ne a B\u0103ncilor au discutat luni, 28 februarie a.c., despre m\u0103surile de finan\u021bare a economiei rom\u00e2ne\u0219ti \u0219i despre protejarea cet\u0103\u021benilor \u00een contextul generat at\u00e2t de conflictul din Ucraina, c\u00e2t \u0219i de puseul infla\u021bionist cauzat de cre\u0219terea pre\u021burilor la energie \u0219i combustibil. \u201dRom\u00e2nia va aplica toate sanc\u021biunile decise [&hellip;]<\/p>\n","protected":false},"author":5,"featured_media":3424033,"comment_status":"closed","ping_status":"closed","sticky":false,"template":"","format":"standard","meta":{"inline_featured_image":false,"footnotes":""},"categories":[3],"tags":[],"class_list":["post-2786437","post","type-post","status-publish","format-standard","has-post-thumbnail","hentry","category-comunicate-de-presa"],"acf":[],"yoast_head":"<!-- This site is optimized with the Yoast SEO plugin v27.4 - https:\/\/yoast.com\/product\/yoast-seo-wordpress\/ -->\n<title>Ministrul Finan\u021belor \u0219i ARB au discutat despre finan\u021barea economiei rom\u00e2ne\u0219ti \u0219i despre protejarea cet\u0103\u021benilor \u00een contextul conflictului din Ucraina - Asocia\u021bia Rom\u00e2n\u0103 a B\u0103ncilor (ARB)<\/title>\n<meta name=\"robots\" content=\"index, follow, max-snippet:-1, max-image-preview:large, max-video-preview:-1\" \/>\n<link rel=\"canonical\" href=\"https:\/\/www.arb.ro\/en\/ministrul-finantelor-si-arb-au-discutat-despre-finantarea-economiei-romanesti-si-despre-protejarea-cetatenilor-in-contextul-conflictului-din-ucraina\/\" \/>\n<meta property=\"og:locale\" content=\"en_US\" \/>\n<meta property=\"og:type\" content=\"article\" \/>\n<meta property=\"og:title\" content=\"Ministrul Finan\u021belor \u0219i ARB au discutat despre finan\u021barea economiei rom\u00e2ne\u0219ti \u0219i despre protejarea cet\u0103\u021benilor \u00een contextul conflictului din Ucraina - Asocia\u021bia Rom\u00e2n\u0103 a B\u0103ncilor (ARB)\" \/>\n<meta property=\"og:description\" content=\"Ministrul Finan\u021belor, dl Adrian C\u00e2ciu, \u0219i reprezentan\u021bii Asocia\u021biei Rom\u00e2ne a B\u0103ncilor au discutat luni, 28 februarie a.c., despre m\u0103surile de finan\u021bare a economiei rom\u00e2ne\u0219ti \u0219i despre protejarea cet\u0103\u021benilor \u00een contextul generat at\u00e2t de conflictul din Ucraina, c\u00e2t \u0219i de puseul infla\u021bionist cauzat de cre\u0219terea pre\u021burilor la energie \u0219i combustibil. \u201dRom\u00e2nia va aplica toate sanc\u021biunile decise [&hellip;]\" \/>\n<meta property=\"og:url\" content=\"https:\/\/www.arb.ro\/en\/ministrul-finantelor-si-arb-au-discutat-despre-finantarea-economiei-romanesti-si-despre-protejarea-cetatenilor-in-contextul-conflictului-din-ucraina\/\" \/>\n<meta property=\"og:site_name\" content=\"Asocia\u021bia Rom\u00e2n\u0103 a B\u0103ncilor (ARB)\" \/>\n<meta property=\"article:published_time\" content=\"2022-02-28T15:39:08+00:00\" \/>\n<meta property=\"article:modified_time\" content=\"2024-01-15T14:04:04+00:00\" \/>\n<meta property=\"og:image\" content=\"https:\/\/www.arb.ro\/wp-content\/uploads\/comunicat_de_presa_generic-e1712223343342.jpg\" \/>\n\t<meta property=\"og:image:width\" content=\"1183\" \/>\n\t<meta property=\"og:image:height\" content=\"812\" \/>\n\t<meta property=\"og:image:type\" content=\"image\/jpeg\" \/>\n<meta name=\"author\" content=\"RABVB\" \/>\n<meta name=\"twitter:card\" content=\"summary_large_image\" \/>\n<meta name=\"twitter:label1\" content=\"Written by\" \/>\n\t<meta name=\"twitter:data1\" content=\"RABVB\" \/>\n\t<meta name=\"twitter:label2\" content=\"Est. reading time\" \/>\n\t<meta name=\"twitter:data2\" content=\"2 minutes\" \/>\n<script type=\"application\/ld+json\" class=\"yoast-schema-graph\">{\"@context\":\"https:\\\/\\\/schema.org\",\"@graph\":[{\"@type\":\"Article\",\"@id\":\"https:\\\/\\\/www.arb.ro\\\/ministrul-finantelor-si-arb-au-discutat-despre-finantarea-economiei-romanesti-si-despre-protejarea-cetatenilor-in-contextul-conflictului-din-ucraina\\\/#article\",\"isPartOf\":{\"@id\":\"https:\\\/\\\/www.arb.ro\\\/ministrul-finantelor-si-arb-au-discutat-despre-finantarea-economiei-romanesti-si-despre-protejarea-cetatenilor-in-contextul-conflictului-din-ucraina\\\/\"},\"author\":{\"name\":\"RABVB\",\"@id\":\"https:\\\/\\\/www.arb.ro\\\/#\\\/schema\\\/person\\\/ae6781863ef928b4d6176e16b3c4452f\"},\"headline\":\"Ministrul Finan\u021belor \u0219i ARB au discutat despre finan\u021barea economiei rom\u00e2ne\u0219ti \u0219i despre protejarea cet\u0103\u021benilor \u00een contextul conflictului din Ucraina\",\"datePublished\":\"2022-02-28T15:39:08+00:00\",\"dateModified\":\"2024-01-15T14:04:04+00:00\",\"mainEntityOfPage\":{\"@id\":\"https:\\\/\\\/www.arb.ro\\\/ministrul-finantelor-si-arb-au-discutat-despre-finantarea-economiei-romanesti-si-despre-protejarea-cetatenilor-in-contextul-conflictului-din-ucraina\\\/\"},\"wordCount\":433,\"publisher\":{\"@id\":\"https:\\\/\\\/www.arb.ro\\\/#organization\"},\"image\":{\"@id\":\"https:\\\/\\\/www.arb.ro\\\/ministrul-finantelor-si-arb-au-discutat-despre-finantarea-economiei-romanesti-si-despre-protejarea-cetatenilor-in-contextul-conflictului-din-ucraina\\\/#primaryimage\"},\"thumbnailUrl\":\"https:\\\/\\\/www.arb.ro\\\/wp-content\\\/uploads\\\/comunicat_de_presa_generic-e1712223343342.jpg\",\"articleSection\":[\"Comunicate de presa\"],\"inLanguage\":\"en-US\"},{\"@type\":\"WebPage\",\"@id\":\"https:\\\/\\\/www.arb.ro\\\/ministrul-finantelor-si-arb-au-discutat-despre-finantarea-economiei-romanesti-si-despre-protejarea-cetatenilor-in-contextul-conflictului-din-ucraina\\\/\",\"url\":\"https:\\\/\\\/www.arb.ro\\\/ministrul-finantelor-si-arb-au-discutat-despre-finantarea-economiei-romanesti-si-despre-protejarea-cetatenilor-in-contextul-conflictului-din-ucraina\\\/\",\"name\":\"Ministrul Finan\u021belor \u0219i ARB au discutat despre finan\u021barea economiei rom\u00e2ne\u0219ti \u0219i despre protejarea cet\u0103\u021benilor \u00een contextul conflictului din Ucraina - Asocia\u021bia Rom\u00e2n\u0103 a B\u0103ncilor (ARB)\",\"isPartOf\":{\"@id\":\"https:\\\/\\\/www.arb.ro\\\/#website\"},\"primaryImageOfPage\":{\"@id\":\"https:\\\/\\\/www.arb.ro\\\/ministrul-finantelor-si-arb-au-discutat-despre-finantarea-economiei-romanesti-si-despre-protejarea-cetatenilor-in-contextul-conflictului-din-ucraina\\\/#primaryimage\"},\"image\":{\"@id\":\"https:\\\/\\\/www.arb.ro\\\/ministrul-finantelor-si-arb-au-discutat-despre-finantarea-economiei-romanesti-si-despre-protejarea-cetatenilor-in-contextul-conflictului-din-ucraina\\\/#primaryimage\"},\"thumbnailUrl\":\"https:\\\/\\\/www.arb.ro\\\/wp-content\\\/uploads\\\/comunicat_de_presa_generic-e1712223343342.jpg\",\"datePublished\":\"2022-02-28T15:39:08+00:00\",\"dateModified\":\"2024-01-15T14:04:04+00:00\",\"breadcrumb\":{\"@id\":\"https:\\\/\\\/www.arb.ro\\\/ministrul-finantelor-si-arb-au-discutat-despre-finantarea-economiei-romanesti-si-despre-protejarea-cetatenilor-in-contextul-conflictului-din-ucraina\\\/#breadcrumb\"},\"inLanguage\":\"en-US\",\"potentialAction\":[{\"@type\":\"ReadAction\",\"target\":[\"https:\\\/\\\/www.arb.ro\\\/ministrul-finantelor-si-arb-au-discutat-despre-finantarea-economiei-romanesti-si-despre-protejarea-cetatenilor-in-contextul-conflictului-din-ucraina\\\/\"]}]},{\"@type\":\"ImageObject\",\"inLanguage\":\"en-US\",\"@id\":\"https:\\\/\\\/www.arb.ro\\\/ministrul-finantelor-si-arb-au-discutat-despre-finantarea-economiei-romanesti-si-despre-protejarea-cetatenilor-in-contextul-conflictului-din-ucraina\\\/#primaryimage\",\"url\":\"https:\\\/\\\/www.arb.ro\\\/wp-content\\\/uploads\\\/comunicat_de_presa_generic-e1712223343342.jpg\",\"contentUrl\":\"https:\\\/\\\/www.arb.ro\\\/wp-content\\\/uploads\\\/comunicat_de_presa_generic-e1712223343342.jpg\",\"width\":1183,\"height\":812},{\"@type\":\"BreadcrumbList\",\"@id\":\"https:\\\/\\\/www.arb.ro\\\/ministrul-finantelor-si-arb-au-discutat-despre-finantarea-economiei-romanesti-si-despre-protejarea-cetatenilor-in-contextul-conflictului-din-ucraina\\\/#breadcrumb\",\"itemListElement\":[{\"@type\":\"ListItem\",\"position\":1,\"name\":\"Home\",\"item\":\"https:\\\/\\\/www.arb.ro\\\/\"},{\"@type\":\"ListItem\",\"position\":2,\"name\":\"Ministrul Finan\u021belor \u0219i ARB au discutat despre finan\u021barea economiei rom\u00e2ne\u0219ti \u0219i despre protejarea cet\u0103\u021benilor \u00een contextul conflictului din Ucraina\"}]},{\"@type\":\"WebSite\",\"@id\":\"https:\\\/\\\/www.arb.ro\\\/#website\",\"url\":\"https:\\\/\\\/www.arb.ro\\\/\",\"name\":\"Asocia\u021bia Rom\u00e2n\u0103 a B\u0103ncilor (ARB)\",\"description\":\"Asocia\u021bia Rom\u00e2n\u0103 a B\u0103ncilor\",\"publisher\":{\"@id\":\"https:\\\/\\\/www.arb.ro\\\/#organization\"},\"potentialAction\":[{\"@type\":\"SearchAction\",\"target\":{\"@type\":\"EntryPoint\",\"urlTemplate\":\"https:\\\/\\\/www.arb.ro\\\/?s={search_term_string}\"},\"query-input\":{\"@type\":\"PropertyValueSpecification\",\"valueRequired\":true,\"valueName\":\"search_term_string\"}}],\"inLanguage\":\"en-US\"},{\"@type\":\"Organization\",\"@id\":\"https:\\\/\\\/www.arb.ro\\\/#organization\",\"name\":\"Asocia\u021bia Rom\u00e2n\u0103 a B\u0103ncilor (ARB)\",\"url\":\"https:\\\/\\\/www.arb.ro\\\/\",\"logo\":{\"@type\":\"ImageObject\",\"inLanguage\":\"en-US\",\"@id\":\"https:\\\/\\\/www.arb.ro\\\/#\\\/schema\\\/logo\\\/image\\\/\",\"url\":\"https:\\\/\\\/www.arb.ro\\\/wp-content\\\/uploads\\\/ARB_35_TRANSPARENCY.png\",\"contentUrl\":\"https:\\\/\\\/www.arb.ro\\\/wp-content\\\/uploads\\\/ARB_35_TRANSPARENCY.png\",\"width\":1820,\"height\":1987,\"caption\":\"Asocia\u021bia Rom\u00e2n\u0103 a B\u0103ncilor (ARB)\"},\"image\":{\"@id\":\"https:\\\/\\\/www.arb.ro\\\/#\\\/schema\\\/logo\\\/image\\\/\"}},{\"@type\":\"Person\",\"@id\":\"https:\\\/\\\/www.arb.ro\\\/#\\\/schema\\\/person\\\/ae6781863ef928b4d6176e16b3c4452f\",\"name\":\"RABVB\",\"image\":{\"@type\":\"ImageObject\",\"inLanguage\":\"en-US\",\"@id\":\"https:\\\/\\\/secure.gravatar.com\\\/avatar\\\/01d0e9168124273d841dee9782484af6e2260ba0f94c82d9317aa8c1a030d47a?s=96&d=mm&r=g\",\"url\":\"https:\\\/\\\/secure.gravatar.com\\\/avatar\\\/01d0e9168124273d841dee9782484af6e2260ba0f94c82d9317aa8c1a030d47a?s=96&d=mm&r=g\",\"contentUrl\":\"https:\\\/\\\/secure.gravatar.com\\\/avatar\\\/01d0e9168124273d841dee9782484af6e2260ba0f94c82d9317aa8c1a030d47a?s=96&d=mm&r=g\",\"caption\":\"RABVB\"},\"url\":\"https:\\\/\\\/www.arb.ro\\\/en\\\/author\\\/vlad\\\/\"}]}<\/script>\n<!-- \/ Yoast SEO plugin. -->","yoast_head_json":{"title":"Ministrul Finan\u021belor \u0219i ARB au discutat despre finan\u021barea economiei rom\u00e2ne\u0219ti \u0219i despre protejarea cet\u0103\u021benilor \u00een contextul conflictului din Ucraina - Asocia\u021bia Rom\u00e2n\u0103 a B\u0103ncilor (ARB)","robots":{"index":"index","follow":"follow","max-snippet":"max-snippet:-1","max-image-preview":"max-image-preview:large","max-video-preview":"max-video-preview:-1"},"canonical":"https:\/\/www.arb.ro\/en\/ministrul-finantelor-si-arb-au-discutat-despre-finantarea-economiei-romanesti-si-despre-protejarea-cetatenilor-in-contextul-conflictului-din-ucraina\/","og_locale":"en_US","og_type":"article","og_title":"Ministrul Finan\u021belor \u0219i ARB au discutat despre finan\u021barea economiei rom\u00e2ne\u0219ti \u0219i despre protejarea cet\u0103\u021benilor \u00een contextul conflictului din Ucraina - Asocia\u021bia Rom\u00e2n\u0103 a B\u0103ncilor (ARB)","og_description":"Ministrul Finan\u021belor, dl Adrian C\u00e2ciu, \u0219i reprezentan\u021bii Asocia\u021biei Rom\u00e2ne a B\u0103ncilor au discutat luni, 28 februarie a.c., despre m\u0103surile de finan\u021bare a economiei rom\u00e2ne\u0219ti \u0219i despre protejarea cet\u0103\u021benilor \u00een contextul generat at\u00e2t de conflictul din Ucraina, c\u00e2t \u0219i de puseul infla\u021bionist cauzat de cre\u0219terea pre\u021burilor la energie \u0219i combustibil. \u201dRom\u00e2nia va aplica toate sanc\u021biunile decise [&hellip;]","og_url":"https:\/\/www.arb.ro\/en\/ministrul-finantelor-si-arb-au-discutat-despre-finantarea-economiei-romanesti-si-despre-protejarea-cetatenilor-in-contextul-conflictului-din-ucraina\/","og_site_name":"Asocia\u021bia Rom\u00e2n\u0103 a B\u0103ncilor (ARB)","article_published_time":"2022-02-28T15:39:08+00:00","article_modified_time":"2024-01-15T14:04:04+00:00","og_image":[{"width":1183,"height":812,"url":"https:\/\/www.arb.ro\/wp-content\/uploads\/comunicat_de_presa_generic-e1712223343342.jpg","type":"image\/jpeg"}],"author":"RABVB","twitter_card":"summary_large_image","twitter_misc":{"Written by":"RABVB","Est. reading time":"2 minutes"},"schema":{"@context":"https:\/\/schema.org","@graph":[{"@type":"Article","@id":"https:\/\/www.arb.ro\/ministrul-finantelor-si-arb-au-discutat-despre-finantarea-economiei-romanesti-si-despre-protejarea-cetatenilor-in-contextul-conflictului-din-ucraina\/#article","isPartOf":{"@id":"https:\/\/www.arb.ro\/ministrul-finantelor-si-arb-au-discutat-despre-finantarea-economiei-romanesti-si-despre-protejarea-cetatenilor-in-contextul-conflictului-din-ucraina\/"},"author":{"name":"RABVB","@id":"https:\/\/www.arb.ro\/#\/schema\/person\/ae6781863ef928b4d6176e16b3c4452f"},"headline":"Ministrul Finan\u021belor \u0219i ARB au discutat despre finan\u021barea economiei rom\u00e2ne\u0219ti \u0219i despre protejarea cet\u0103\u021benilor \u00een contextul conflictului din Ucraina","datePublished":"2022-02-28T15:39:08+00:00","dateModified":"2024-01-15T14:04:04+00:00","mainEntityOfPage":{"@id":"https:\/\/www.arb.ro\/ministrul-finantelor-si-arb-au-discutat-despre-finantarea-economiei-romanesti-si-despre-protejarea-cetatenilor-in-contextul-conflictului-din-ucraina\/"},"wordCount":433,"publisher":{"@id":"https:\/\/www.arb.ro\/#organization"},"image":{"@id":"https:\/\/www.arb.ro\/ministrul-finantelor-si-arb-au-discutat-despre-finantarea-economiei-romanesti-si-despre-protejarea-cetatenilor-in-contextul-conflictului-din-ucraina\/#primaryimage"},"thumbnailUrl":"https:\/\/www.arb.ro\/wp-content\/uploads\/comunicat_de_presa_generic-e1712223343342.jpg","articleSection":["Comunicate de presa"],"inLanguage":"en-US"},{"@type":"WebPage","@id":"https:\/\/www.arb.ro\/ministrul-finantelor-si-arb-au-discutat-despre-finantarea-economiei-romanesti-si-despre-protejarea-cetatenilor-in-contextul-conflictului-din-ucraina\/","url":"https:\/\/www.arb.ro\/ministrul-finantelor-si-arb-au-discutat-despre-finantarea-economiei-romanesti-si-despre-protejarea-cetatenilor-in-contextul-conflictului-din-ucraina\/","name":"Ministrul Finan\u021belor \u0219i ARB au discutat despre finan\u021barea economiei rom\u00e2ne\u0219ti \u0219i despre protejarea cet\u0103\u021benilor \u00een contextul conflictului din Ucraina - Asocia\u021bia Rom\u00e2n\u0103 a B\u0103ncilor (ARB)","isPartOf":{"@id":"https:\/\/www.arb.ro\/#website"},"primaryImageOfPage":{"@id":"https:\/\/www.arb.ro\/ministrul-finantelor-si-arb-au-discutat-despre-finantarea-economiei-romanesti-si-despre-protejarea-cetatenilor-in-contextul-conflictului-din-ucraina\/#primaryimage"},"image":{"@id":"https:\/\/www.arb.ro\/ministrul-finantelor-si-arb-au-discutat-despre-finantarea-economiei-romanesti-si-despre-protejarea-cetatenilor-in-contextul-conflictului-din-ucraina\/#primaryimage"},"thumbnailUrl":"https:\/\/www.arb.ro\/wp-content\/uploads\/comunicat_de_presa_generic-e1712223343342.jpg","datePublished":"2022-02-28T15:39:08+00:00","dateModified":"2024-01-15T14:04:04+00:00","breadcrumb":{"@id":"https:\/\/www.arb.ro\/ministrul-finantelor-si-arb-au-discutat-despre-finantarea-economiei-romanesti-si-despre-protejarea-cetatenilor-in-contextul-conflictului-din-ucraina\/#breadcrumb"},"inLanguage":"en-US","potentialAction":[{"@type":"ReadAction","target":["https:\/\/www.arb.ro\/ministrul-finantelor-si-arb-au-discutat-despre-finantarea-economiei-romanesti-si-despre-protejarea-cetatenilor-in-contextul-conflictului-din-ucraina\/"]}]},{"@type":"ImageObject","inLanguage":"en-US","@id":"https:\/\/www.arb.ro\/ministrul-finantelor-si-arb-au-discutat-despre-finantarea-economiei-romanesti-si-despre-protejarea-cetatenilor-in-contextul-conflictului-din-ucraina\/#primaryimage","url":"https:\/\/www.arb.ro\/wp-content\/uploads\/comunicat_de_presa_generic-e1712223343342.jpg","contentUrl":"https:\/\/www.arb.ro\/wp-content\/uploads\/comunicat_de_presa_generic-e1712223343342.jpg","width":1183,"height":812},{"@type":"BreadcrumbList","@id":"https:\/\/www.arb.ro\/ministrul-finantelor-si-arb-au-discutat-despre-finantarea-economiei-romanesti-si-despre-protejarea-cetatenilor-in-contextul-conflictului-din-ucraina\/#breadcrumb","itemListElement":[{"@type":"ListItem","position":1,"name":"Home","item":"https:\/\/www.arb.ro\/"},{"@type":"ListItem","position":2,"name":"Ministrul Finan\u021belor \u0219i ARB au discutat despre finan\u021barea economiei rom\u00e2ne\u0219ti \u0219i despre protejarea cet\u0103\u021benilor \u00een contextul conflictului din Ucraina"}]},{"@type":"WebSite","@id":"https:\/\/www.arb.ro\/#website","url":"https:\/\/www.arb.ro\/","name":"Asocia\u021bia Rom\u00e2n\u0103 a B\u0103ncilor (ARB)","description":"Romanian Association of Banks","publisher":{"@id":"https:\/\/www.arb.ro\/#organization"},"potentialAction":[{"@type":"SearchAction","target":{"@type":"EntryPoint","urlTemplate":"https:\/\/www.arb.ro\/?s={search_term_string}"},"query-input":{"@type":"PropertyValueSpecification","valueRequired":true,"valueName":"search_term_string"}}],"inLanguage":"en-US"},{"@type":"Organization","@id":"https:\/\/www.arb.ro\/#organization","name":"Asocia\u021bia Rom\u00e2n\u0103 a B\u0103ncilor (ARB)","url":"https:\/\/www.arb.ro\/","logo":{"@type":"ImageObject","inLanguage":"en-US","@id":"https:\/\/www.arb.ro\/#\/schema\/logo\/image\/","url":"https:\/\/www.arb.ro\/wp-content\/uploads\/ARB_35_TRANSPARENCY.png","contentUrl":"https:\/\/www.arb.ro\/wp-content\/uploads\/ARB_35_TRANSPARENCY.png","width":1820,"height":1987,"caption":"Asocia\u021bia Rom\u00e2n\u0103 a B\u0103ncilor (ARB)"},"image":{"@id":"https:\/\/www.arb.ro\/#\/schema\/logo\/image\/"}},{"@type":"Person","@id":"https:\/\/www.arb.ro\/#\/schema\/person\/ae6781863ef928b4d6176e16b3c4452f","name":"RABVB","image":{"@type":"ImageObject","inLanguage":"en-US","@id":"https:\/\/secure.gravatar.com\/avatar\/01d0e9168124273d841dee9782484af6e2260ba0f94c82d9317aa8c1a030d47a?s=96&d=mm&r=g","url":"https:\/\/secure.gravatar.com\/avatar\/01d0e9168124273d841dee9782484af6e2260ba0f94c82d9317aa8c1a030d47a?s=96&d=mm&r=g","contentUrl":"https:\/\/secure.gravatar.com\/avatar\/01d0e9168124273d841dee9782484af6e2260ba0f94c82d9317aa8c1a030d47a?s=96&d=mm&r=g","caption":"RABVB"},"url":"https:\/\/www.arb.ro\/en\/author\/vlad\/"}]}},"_links":{"self":[{"href":"https:\/\/www.arb.ro\/en\/wp-json\/wp\/v2\/posts\/2786437","targetHints":{"allow":["GET"]}}],"collection":[{"href":"https:\/\/www.arb.ro\/en\/wp-json\/wp\/v2\/posts"}],"about":[{"href":"https:\/\/www.arb.ro\/en\/wp-json\/wp\/v2\/types\/post"}],"author":[{"embeddable":true,"href":"https:\/\/www.arb.ro\/en\/wp-json\/wp\/v2\/users\/5"}],"replies":[{"embeddable":true,"href":"https:\/\/www.arb.ro\/en\/wp-json\/wp\/v2\/comments?post=2786437"}],"version-history":[{"count":0,"href":"https:\/\/www.arb.ro\/en\/wp-json\/wp\/v2\/posts\/2786437\/revisions"}],"wp:featuredmedia":[{"embeddable":true,"href":"https:\/\/www.arb.ro\/en\/wp-json\/wp\/v2\/media\/3424033"}],"wp:attachment":[{"href":"https:\/\/www.arb.ro\/en\/wp-json\/wp\/v2\/media?parent=2786437"}],"wp:term":[{"taxonomy":"category","embeddable":true,"href":"https:\/\/www.arb.ro\/en\/wp-json\/wp\/v2\/categories?post=2786437"},{"taxonomy":"post_tag","embeddable":true,"href":"https:\/\/www.arb.ro\/en\/wp-json\/wp\/v2\/tags?post=2786437"}],"curies":[{"name":"wp","href":"https:\/\/api.w.org\/{rel}","templated":true}]}}