{"id":2070417,"date":"2021-05-27T15:33:15","date_gmt":"2021-05-27T12:33:15","guid":{"rendered":"https:\/\/www.arb.ro\/?p=2070417"},"modified":"2024-01-15T16:42:48","modified_gmt":"2024-01-15T14:42:48","slug":"aga-asociatiei-romane-a-bancilor-a-votat-noua-componenta-a-consiliului-director","status":"publish","type":"post","link":"https:\/\/www.arb.ro\/en\/aga-asociatiei-romane-a-bancilor-a-votat-noua-componenta-a-consiliului-director\/","title":{"rendered":"AGA Asocia\u021biei Rom\u00e2ne a B\u0103ncilor a votat noua componen\u021b\u0103 a Consiliului Director - only in romanian"},"content":{"rendered":"<div data-elementor-type=\"wp-post\" data-elementor-id=\"2070417\" class=\"elementor elementor-2070417\" data-elementor-post-type=\"post\">\n\t\t\t\t<div class=\"elementor-element elementor-element-206356a4 e-flex e-con-boxed e-con e-parent\" data-id=\"206356a4\" data-element_type=\"container\" data-e-type=\"container\">\n\t\t\t\t\t<div class=\"e-con-inner\">\n\t\t\t\t<div class=\"elementor-element elementor-element-125e45cc elementor-widget elementor-widget-text-editor\" data-id=\"125e45cc\" data-element_type=\"widget\" data-e-type=\"widget\" data-widget_type=\"text-editor.default\">\n\t\t\t\t<div class=\"elementor-widget-container\">\n\t\t\t\t\t\t\t\t\t<p style=\"text-align: justify;\">Adunarea General\u0103 a Asocia\u021biei Rom\u00e2ne a B\u0103ncilor (ARB) reunit\u0103 \u00een \u0219edin\u021b\u0103 ast\u0103zi, 27 mai 2021, a votat noua componen\u021b\u0103 a Consiliului Director ca urmare a expir\u0103rii mandatelor pre\u0219edintelui \u0219i unor membri. Conducerea Consiliului Director al ARB este asigurat\u0103 de dl. Bogdan Neac\u0219u, ales \u00een func\u021bia de Pre\u0219edinte al Consiliului Director, dna. Gabriela Nistor desemnat\u0103 ca Vicepre\u0219edinte, dl. Cornel St\u0103nescu, dna. Mihaela Bitu, dl. Ion Stan, ale\u0219i \u00een calitate de\u00a0 membri, la care se adaug\u0103 membrii deja existen\u021bi dna. Mioara Popescu \u0219i dl. Cristian Agalopol.<br \/><br \/><\/p>\t\t\t\t\t\t\t\t<\/div>\n\t\t\t\t<\/div>\n\t\t\t\t<div class=\"elementor-element elementor-element-f05f349 elementor-widget elementor-widget-button\" data-id=\"f05f349\" data-element_type=\"widget\" data-e-type=\"widget\" data-widget_type=\"button.default\">\n\t\t\t\t<div class=\"elementor-widget-container\">\n\t\t\t\t\t\t\t\t\t<div class=\"elementor-button-wrapper\">\n\t\t\t\t\t<a class=\"elementor-button elementor-button-link elementor-size-sm\" href=\"\/wp-content\/uploads\/Comunicat-AGA.pdf\" target=\"_blank\">\n\t\t\t\t\t\t<span class=\"elementor-button-content-wrapper\">\n\t\t\t\t\t\t\t\t\t<span class=\"elementor-button-text\">Download<\/span>\n\t\t\t\t\t<\/span>\n\t\t\t\t\t<\/a>\n\t\t\t\t<\/div>\n\t\t\t\t\t\t\t\t<\/div>\n\t\t\t\t<\/div>\n\t\t\t\t\t<\/div>\n\t\t\t\t<\/div>\n\t\t\t\t<\/div>","protected":false},"excerpt":{"rendered":"<p>Adunarea General\u0103 a Asocia\u021biei Rom\u00e2ne a B\u0103ncilor (ARB) reunit\u0103 \u00een \u0219edin\u021b\u0103 ast\u0103zi, 27 mai 2021, a votat noua componen\u021b\u0103 a Consiliului Director ca urmare a expir\u0103rii mandatelor pre\u0219edintelui \u0219i unor membri. Conducerea Consiliului Director al ARB este asigurat\u0103 de dl. Bogdan Neac\u0219u, ales \u00een func\u021bia de Pre\u0219edinte al Consiliului Director, dna. Gabriela Nistor desemnat\u0103 ca [&hellip;]<\/p>\n","protected":false},"author":3,"featured_media":3424033,"comment_status":"closed","ping_status":"closed","sticky":false,"template":"","format":"standard","meta":{"inline_featured_image":false,"footnotes":""},"categories":[3],"tags":[],"class_list":["post-2070417","post","type-post","status-publish","format-standard","has-post-thumbnail","hentry","category-comunicate-de-presa"],"acf":[],"yoast_head":"<!-- This site is optimized with the Yoast SEO plugin v27.4 - https:\/\/yoast.com\/product\/yoast-seo-wordpress\/ -->\n<title>AGA Asocia\u021biei Rom\u00e2ne a B\u0103ncilor a votat noua componen\u021b\u0103 a Consiliului Director - Asocia\u021bia Rom\u00e2n\u0103 a B\u0103ncilor (ARB)<\/title>\n<meta name=\"robots\" content=\"index, follow, max-snippet:-1, max-image-preview:large, max-video-preview:-1\" \/>\n<link rel=\"canonical\" href=\"https:\/\/www.arb.ro\/en\/aga-asociatiei-romane-a-bancilor-a-votat-noua-componenta-a-consiliului-director\/\" \/>\n<meta property=\"og:locale\" content=\"en_US\" \/>\n<meta property=\"og:type\" content=\"article\" \/>\n<meta property=\"og:title\" content=\"AGA Asocia\u021biei Rom\u00e2ne a B\u0103ncilor a votat noua componen\u021b\u0103 a Consiliului Director - Asocia\u021bia Rom\u00e2n\u0103 a B\u0103ncilor (ARB)\" \/>\n<meta property=\"og:description\" content=\"Adunarea General\u0103 a Asocia\u021biei Rom\u00e2ne a B\u0103ncilor (ARB) reunit\u0103 \u00een \u0219edin\u021b\u0103 ast\u0103zi, 27 mai 2021, a votat noua componen\u021b\u0103 a Consiliului Director ca urmare a expir\u0103rii mandatelor pre\u0219edintelui \u0219i unor membri. Conducerea Consiliului Director al ARB este asigurat\u0103 de dl. Bogdan Neac\u0219u, ales \u00een func\u021bia de Pre\u0219edinte al Consiliului Director, dna. Gabriela Nistor desemnat\u0103 ca [&hellip;]\" \/>\n<meta property=\"og:url\" content=\"https:\/\/www.arb.ro\/en\/aga-asociatiei-romane-a-bancilor-a-votat-noua-componenta-a-consiliului-director\/\" \/>\n<meta property=\"og:site_name\" content=\"Asocia\u021bia Rom\u00e2n\u0103 a B\u0103ncilor (ARB)\" \/>\n<meta property=\"article:published_time\" content=\"2021-05-27T12:33:15+00:00\" \/>\n<meta property=\"article:modified_time\" content=\"2024-01-15T14:42:48+00:00\" \/>\n<meta property=\"og:image\" content=\"https:\/\/www.arb.ro\/wp-content\/uploads\/comunicat_de_presa_generic-e1712223343342.jpg\" \/>\n\t<meta property=\"og:image:width\" content=\"1183\" \/>\n\t<meta property=\"og:image:height\" content=\"812\" \/>\n\t<meta property=\"og:image:type\" content=\"image\/jpeg\" \/>\n<meta name=\"author\" content=\"Julius\" \/>\n<meta name=\"twitter:card\" content=\"summary_large_image\" \/>\n<meta name=\"twitter:label1\" content=\"Written by\" \/>\n\t<meta name=\"twitter:data1\" content=\"Julius\" \/>\n\t<meta name=\"twitter:label2\" content=\"Est. reading time\" \/>\n\t<meta name=\"twitter:data2\" content=\"1 minute\" \/>\n<script type=\"application\/ld+json\" class=\"yoast-schema-graph\">{\"@context\":\"https:\\\/\\\/schema.org\",\"@graph\":[{\"@type\":\"Article\",\"@id\":\"https:\\\/\\\/www.arb.ro\\\/aga-asociatiei-romane-a-bancilor-a-votat-noua-componenta-a-consiliului-director\\\/#article\",\"isPartOf\":{\"@id\":\"https:\\\/\\\/www.arb.ro\\\/aga-asociatiei-romane-a-bancilor-a-votat-noua-componenta-a-consiliului-director\\\/\"},\"author\":{\"name\":\"Julius\",\"@id\":\"https:\\\/\\\/www.arb.ro\\\/#\\\/schema\\\/person\\\/dee91fbc10f29d0338e589f6bc22010f\"},\"headline\":\"AGA Asocia\u021biei Rom\u00e2ne a B\u0103ncilor a votat noua componen\u021b\u0103 a Consiliului Director\",\"datePublished\":\"2021-05-27T12:33:15+00:00\",\"dateModified\":\"2024-01-15T14:42:48+00:00\",\"mainEntityOfPage\":{\"@id\":\"https:\\\/\\\/www.arb.ro\\\/aga-asociatiei-romane-a-bancilor-a-votat-noua-componenta-a-consiliului-director\\\/\"},\"wordCount\":113,\"publisher\":{\"@id\":\"https:\\\/\\\/www.arb.ro\\\/#organization\"},\"image\":{\"@id\":\"https:\\\/\\\/www.arb.ro\\\/aga-asociatiei-romane-a-bancilor-a-votat-noua-componenta-a-consiliului-director\\\/#primaryimage\"},\"thumbnailUrl\":\"https:\\\/\\\/www.arb.ro\\\/wp-content\\\/uploads\\\/comunicat_de_presa_generic-e1712223343342.jpg\",\"articleSection\":[\"Comunicate de presa\"],\"inLanguage\":\"en-US\"},{\"@type\":\"WebPage\",\"@id\":\"https:\\\/\\\/www.arb.ro\\\/aga-asociatiei-romane-a-bancilor-a-votat-noua-componenta-a-consiliului-director\\\/\",\"url\":\"https:\\\/\\\/www.arb.ro\\\/aga-asociatiei-romane-a-bancilor-a-votat-noua-componenta-a-consiliului-director\\\/\",\"name\":\"AGA Asocia\u021biei Rom\u00e2ne a B\u0103ncilor a votat noua componen\u021b\u0103 a Consiliului Director - Asocia\u021bia Rom\u00e2n\u0103 a B\u0103ncilor (ARB)\",\"isPartOf\":{\"@id\":\"https:\\\/\\\/www.arb.ro\\\/#website\"},\"primaryImageOfPage\":{\"@id\":\"https:\\\/\\\/www.arb.ro\\\/aga-asociatiei-romane-a-bancilor-a-votat-noua-componenta-a-consiliului-director\\\/#primaryimage\"},\"image\":{\"@id\":\"https:\\\/\\\/www.arb.ro\\\/aga-asociatiei-romane-a-bancilor-a-votat-noua-componenta-a-consiliului-director\\\/#primaryimage\"},\"thumbnailUrl\":\"https:\\\/\\\/www.arb.ro\\\/wp-content\\\/uploads\\\/comunicat_de_presa_generic-e1712223343342.jpg\",\"datePublished\":\"2021-05-27T12:33:15+00:00\",\"dateModified\":\"2024-01-15T14:42:48+00:00\",\"breadcrumb\":{\"@id\":\"https:\\\/\\\/www.arb.ro\\\/aga-asociatiei-romane-a-bancilor-a-votat-noua-componenta-a-consiliului-director\\\/#breadcrumb\"},\"inLanguage\":\"en-US\",\"potentialAction\":[{\"@type\":\"ReadAction\",\"target\":[\"https:\\\/\\\/www.arb.ro\\\/aga-asociatiei-romane-a-bancilor-a-votat-noua-componenta-a-consiliului-director\\\/\"]}]},{\"@type\":\"ImageObject\",\"inLanguage\":\"en-US\",\"@id\":\"https:\\\/\\\/www.arb.ro\\\/aga-asociatiei-romane-a-bancilor-a-votat-noua-componenta-a-consiliului-director\\\/#primaryimage\",\"url\":\"https:\\\/\\\/www.arb.ro\\\/wp-content\\\/uploads\\\/comunicat_de_presa_generic-e1712223343342.jpg\",\"contentUrl\":\"https:\\\/\\\/www.arb.ro\\\/wp-content\\\/uploads\\\/comunicat_de_presa_generic-e1712223343342.jpg\",\"width\":1183,\"height\":812},{\"@type\":\"BreadcrumbList\",\"@id\":\"https:\\\/\\\/www.arb.ro\\\/aga-asociatiei-romane-a-bancilor-a-votat-noua-componenta-a-consiliului-director\\\/#breadcrumb\",\"itemListElement\":[{\"@type\":\"ListItem\",\"position\":1,\"name\":\"Home\",\"item\":\"https:\\\/\\\/www.arb.ro\\\/\"},{\"@type\":\"ListItem\",\"position\":2,\"name\":\"AGA Asocia\u021biei Rom\u00e2ne a B\u0103ncilor a votat noua componen\u021b\u0103 a Consiliului Director\"}]},{\"@type\":\"WebSite\",\"@id\":\"https:\\\/\\\/www.arb.ro\\\/#website\",\"url\":\"https:\\\/\\\/www.arb.ro\\\/\",\"name\":\"Asocia\u021bia Rom\u00e2n\u0103 a B\u0103ncilor (ARB)\",\"description\":\"Asocia\u021bia Rom\u00e2n\u0103 a B\u0103ncilor\",\"publisher\":{\"@id\":\"https:\\\/\\\/www.arb.ro\\\/#organization\"},\"potentialAction\":[{\"@type\":\"SearchAction\",\"target\":{\"@type\":\"EntryPoint\",\"urlTemplate\":\"https:\\\/\\\/www.arb.ro\\\/?s={search_term_string}\"},\"query-input\":{\"@type\":\"PropertyValueSpecification\",\"valueRequired\":true,\"valueName\":\"search_term_string\"}}],\"inLanguage\":\"en-US\"},{\"@type\":\"Organization\",\"@id\":\"https:\\\/\\\/www.arb.ro\\\/#organization\",\"name\":\"Asocia\u021bia Rom\u00e2n\u0103 a B\u0103ncilor (ARB)\",\"url\":\"https:\\\/\\\/www.arb.ro\\\/\",\"logo\":{\"@type\":\"ImageObject\",\"inLanguage\":\"en-US\",\"@id\":\"https:\\\/\\\/www.arb.ro\\\/#\\\/schema\\\/logo\\\/image\\\/\",\"url\":\"https:\\\/\\\/www.arb.ro\\\/wp-content\\\/uploads\\\/ARB_35_TRANSPARENCY.png\",\"contentUrl\":\"https:\\\/\\\/www.arb.ro\\\/wp-content\\\/uploads\\\/ARB_35_TRANSPARENCY.png\",\"width\":1820,\"height\":1987,\"caption\":\"Asocia\u021bia Rom\u00e2n\u0103 a B\u0103ncilor (ARB)\"},\"image\":{\"@id\":\"https:\\\/\\\/www.arb.ro\\\/#\\\/schema\\\/logo\\\/image\\\/\"}},{\"@type\":\"Person\",\"@id\":\"https:\\\/\\\/www.arb.ro\\\/#\\\/schema\\\/person\\\/dee91fbc10f29d0338e589f6bc22010f\",\"name\":\"Julius\",\"image\":{\"@type\":\"ImageObject\",\"inLanguage\":\"en-US\",\"@id\":\"https:\\\/\\\/secure.gravatar.com\\\/avatar\\\/a150566e73bdc5dcfc20cd2566475302134db2bf8a825e694a349ea596e418c9?s=96&d=mm&r=g\",\"url\":\"https:\\\/\\\/secure.gravatar.com\\\/avatar\\\/a150566e73bdc5dcfc20cd2566475302134db2bf8a825e694a349ea596e418c9?s=96&d=mm&r=g\",\"contentUrl\":\"https:\\\/\\\/secure.gravatar.com\\\/avatar\\\/a150566e73bdc5dcfc20cd2566475302134db2bf8a825e694a349ea596e418c9?s=96&d=mm&r=g\",\"caption\":\"Julius\"},\"url\":\"https:\\\/\\\/www.arb.ro\\\/en\\\/author\\\/iulianr\\\/\"}]}<\/script>\n<!-- \/ Yoast SEO plugin. -->","yoast_head_json":{"title":"AGA Asocia\u021biei Rom\u00e2ne a B\u0103ncilor a votat noua componen\u021b\u0103 a Consiliului Director - Asocia\u021bia Rom\u00e2n\u0103 a B\u0103ncilor (ARB)","robots":{"index":"index","follow":"follow","max-snippet":"max-snippet:-1","max-image-preview":"max-image-preview:large","max-video-preview":"max-video-preview:-1"},"canonical":"https:\/\/www.arb.ro\/en\/aga-asociatiei-romane-a-bancilor-a-votat-noua-componenta-a-consiliului-director\/","og_locale":"en_US","og_type":"article","og_title":"AGA Asocia\u021biei Rom\u00e2ne a B\u0103ncilor a votat noua componen\u021b\u0103 a Consiliului Director - Asocia\u021bia Rom\u00e2n\u0103 a B\u0103ncilor (ARB)","og_description":"Adunarea General\u0103 a Asocia\u021biei Rom\u00e2ne a B\u0103ncilor (ARB) reunit\u0103 \u00een \u0219edin\u021b\u0103 ast\u0103zi, 27 mai 2021, a votat noua componen\u021b\u0103 a Consiliului Director ca urmare a expir\u0103rii mandatelor pre\u0219edintelui \u0219i unor membri. Conducerea Consiliului Director al ARB este asigurat\u0103 de dl. Bogdan Neac\u0219u, ales \u00een func\u021bia de Pre\u0219edinte al Consiliului Director, dna. Gabriela Nistor desemnat\u0103 ca [&hellip;]","og_url":"https:\/\/www.arb.ro\/en\/aga-asociatiei-romane-a-bancilor-a-votat-noua-componenta-a-consiliului-director\/","og_site_name":"Asocia\u021bia Rom\u00e2n\u0103 a B\u0103ncilor (ARB)","article_published_time":"2021-05-27T12:33:15+00:00","article_modified_time":"2024-01-15T14:42:48+00:00","og_image":[{"width":1183,"height":812,"url":"https:\/\/www.arb.ro\/wp-content\/uploads\/comunicat_de_presa_generic-e1712223343342.jpg","type":"image\/jpeg"}],"author":"Julius","twitter_card":"summary_large_image","twitter_misc":{"Written by":"Julius","Est. reading time":"1 minute"},"schema":{"@context":"https:\/\/schema.org","@graph":[{"@type":"Article","@id":"https:\/\/www.arb.ro\/aga-asociatiei-romane-a-bancilor-a-votat-noua-componenta-a-consiliului-director\/#article","isPartOf":{"@id":"https:\/\/www.arb.ro\/aga-asociatiei-romane-a-bancilor-a-votat-noua-componenta-a-consiliului-director\/"},"author":{"name":"Julius","@id":"https:\/\/www.arb.ro\/#\/schema\/person\/dee91fbc10f29d0338e589f6bc22010f"},"headline":"AGA Asocia\u021biei Rom\u00e2ne a B\u0103ncilor a votat noua componen\u021b\u0103 a Consiliului Director","datePublished":"2021-05-27T12:33:15+00:00","dateModified":"2024-01-15T14:42:48+00:00","mainEntityOfPage":{"@id":"https:\/\/www.arb.ro\/aga-asociatiei-romane-a-bancilor-a-votat-noua-componenta-a-consiliului-director\/"},"wordCount":113,"publisher":{"@id":"https:\/\/www.arb.ro\/#organization"},"image":{"@id":"https:\/\/www.arb.ro\/aga-asociatiei-romane-a-bancilor-a-votat-noua-componenta-a-consiliului-director\/#primaryimage"},"thumbnailUrl":"https:\/\/www.arb.ro\/wp-content\/uploads\/comunicat_de_presa_generic-e1712223343342.jpg","articleSection":["Comunicate de presa"],"inLanguage":"en-US"},{"@type":"WebPage","@id":"https:\/\/www.arb.ro\/aga-asociatiei-romane-a-bancilor-a-votat-noua-componenta-a-consiliului-director\/","url":"https:\/\/www.arb.ro\/aga-asociatiei-romane-a-bancilor-a-votat-noua-componenta-a-consiliului-director\/","name":"AGA Asocia\u021biei Rom\u00e2ne a B\u0103ncilor a votat noua componen\u021b\u0103 a Consiliului Director - Asocia\u021bia Rom\u00e2n\u0103 a B\u0103ncilor (ARB)","isPartOf":{"@id":"https:\/\/www.arb.ro\/#website"},"primaryImageOfPage":{"@id":"https:\/\/www.arb.ro\/aga-asociatiei-romane-a-bancilor-a-votat-noua-componenta-a-consiliului-director\/#primaryimage"},"image":{"@id":"https:\/\/www.arb.ro\/aga-asociatiei-romane-a-bancilor-a-votat-noua-componenta-a-consiliului-director\/#primaryimage"},"thumbnailUrl":"https:\/\/www.arb.ro\/wp-content\/uploads\/comunicat_de_presa_generic-e1712223343342.jpg","datePublished":"2021-05-27T12:33:15+00:00","dateModified":"2024-01-15T14:42:48+00:00","breadcrumb":{"@id":"https:\/\/www.arb.ro\/aga-asociatiei-romane-a-bancilor-a-votat-noua-componenta-a-consiliului-director\/#breadcrumb"},"inLanguage":"en-US","potentialAction":[{"@type":"ReadAction","target":["https:\/\/www.arb.ro\/aga-asociatiei-romane-a-bancilor-a-votat-noua-componenta-a-consiliului-director\/"]}]},{"@type":"ImageObject","inLanguage":"en-US","@id":"https:\/\/www.arb.ro\/aga-asociatiei-romane-a-bancilor-a-votat-noua-componenta-a-consiliului-director\/#primaryimage","url":"https:\/\/www.arb.ro\/wp-content\/uploads\/comunicat_de_presa_generic-e1712223343342.jpg","contentUrl":"https:\/\/www.arb.ro\/wp-content\/uploads\/comunicat_de_presa_generic-e1712223343342.jpg","width":1183,"height":812},{"@type":"BreadcrumbList","@id":"https:\/\/www.arb.ro\/aga-asociatiei-romane-a-bancilor-a-votat-noua-componenta-a-consiliului-director\/#breadcrumb","itemListElement":[{"@type":"ListItem","position":1,"name":"Home","item":"https:\/\/www.arb.ro\/"},{"@type":"ListItem","position":2,"name":"AGA Asocia\u021biei Rom\u00e2ne a B\u0103ncilor a votat noua componen\u021b\u0103 a Consiliului Director"}]},{"@type":"WebSite","@id":"https:\/\/www.arb.ro\/#website","url":"https:\/\/www.arb.ro\/","name":"Asocia\u021bia Rom\u00e2n\u0103 a B\u0103ncilor (ARB)","description":"Romanian Association of Banks","publisher":{"@id":"https:\/\/www.arb.ro\/#organization"},"potentialAction":[{"@type":"SearchAction","target":{"@type":"EntryPoint","urlTemplate":"https:\/\/www.arb.ro\/?s={search_term_string}"},"query-input":{"@type":"PropertyValueSpecification","valueRequired":true,"valueName":"search_term_string"}}],"inLanguage":"en-US"},{"@type":"Organization","@id":"https:\/\/www.arb.ro\/#organization","name":"Asocia\u021bia Rom\u00e2n\u0103 a B\u0103ncilor (ARB)","url":"https:\/\/www.arb.ro\/","logo":{"@type":"ImageObject","inLanguage":"en-US","@id":"https:\/\/www.arb.ro\/#\/schema\/logo\/image\/","url":"https:\/\/www.arb.ro\/wp-content\/uploads\/ARB_35_TRANSPARENCY.png","contentUrl":"https:\/\/www.arb.ro\/wp-content\/uploads\/ARB_35_TRANSPARENCY.png","width":1820,"height":1987,"caption":"Asocia\u021bia Rom\u00e2n\u0103 a B\u0103ncilor (ARB)"},"image":{"@id":"https:\/\/www.arb.ro\/#\/schema\/logo\/image\/"}},{"@type":"Person","@id":"https:\/\/www.arb.ro\/#\/schema\/person\/dee91fbc10f29d0338e589f6bc22010f","name":"Julius","image":{"@type":"ImageObject","inLanguage":"en-US","@id":"https:\/\/secure.gravatar.com\/avatar\/a150566e73bdc5dcfc20cd2566475302134db2bf8a825e694a349ea596e418c9?s=96&d=mm&r=g","url":"https:\/\/secure.gravatar.com\/avatar\/a150566e73bdc5dcfc20cd2566475302134db2bf8a825e694a349ea596e418c9?s=96&d=mm&r=g","contentUrl":"https:\/\/secure.gravatar.com\/avatar\/a150566e73bdc5dcfc20cd2566475302134db2bf8a825e694a349ea596e418c9?s=96&d=mm&r=g","caption":"Julius"},"url":"https:\/\/www.arb.ro\/en\/author\/iulianr\/"}]}},"_links":{"self":[{"href":"https:\/\/www.arb.ro\/en\/wp-json\/wp\/v2\/posts\/2070417","targetHints":{"allow":["GET"]}}],"collection":[{"href":"https:\/\/www.arb.ro\/en\/wp-json\/wp\/v2\/posts"}],"about":[{"href":"https:\/\/www.arb.ro\/en\/wp-json\/wp\/v2\/types\/post"}],"author":[{"embeddable":true,"href":"https:\/\/www.arb.ro\/en\/wp-json\/wp\/v2\/users\/3"}],"replies":[{"embeddable":true,"href":"https:\/\/www.arb.ro\/en\/wp-json\/wp\/v2\/comments?post=2070417"}],"version-history":[{"count":0,"href":"https:\/\/www.arb.ro\/en\/wp-json\/wp\/v2\/posts\/2070417\/revisions"}],"wp:featuredmedia":[{"embeddable":true,"href":"https:\/\/www.arb.ro\/en\/wp-json\/wp\/v2\/media\/3424033"}],"wp:attachment":[{"href":"https:\/\/www.arb.ro\/en\/wp-json\/wp\/v2\/media?parent=2070417"}],"wp:term":[{"taxonomy":"category","embeddable":true,"href":"https:\/\/www.arb.ro\/en\/wp-json\/wp\/v2\/categories?post=2070417"},{"taxonomy":"post_tag","embeddable":true,"href":"https:\/\/www.arb.ro\/en\/wp-json\/wp\/v2\/tags?post=2070417"}],"curies":[{"name":"wp","href":"https:\/\/api.w.org\/{rel}","templated":true}]}}