{"id":1454859,"date":"2020-11-20T16:01:05","date_gmt":"2020-11-20T14:01:05","guid":{"rendered":"https:\/\/www.arb.ro\/?p=1454859"},"modified":"2024-01-27T00:14:20","modified_gmt":"2024-01-26T22:14:20","slug":"conferinta-oecd-in-parteneriat-cu-romania","status":"publish","type":"post","link":"https:\/\/www.arb.ro\/en\/conferinta-oecd-in-parteneriat-cu-romania\/","title":{"rendered":"Conferin\u021ba OECD \u00een parteneriat cu Rom\u00e2nia - only in romanian"},"content":{"rendered":"<div data-elementor-type=\"wp-post\" data-elementor-id=\"1454859\" class=\"elementor elementor-1454859\" data-elementor-post-type=\"post\">\n\t\t\t\t<div class=\"elementor-element elementor-element-ebcd37 e-flex e-con-boxed e-con e-parent\" data-id=\"ebcd37\" data-element_type=\"container\" data-e-type=\"container\">\n\t\t\t\t\t<div class=\"e-con-inner\">\n\t\t\t\t<div class=\"elementor-element elementor-element-179cade2 elementor-widget elementor-widget-text-editor\" data-id=\"179cade2\" data-element_type=\"widget\" data-e-type=\"widget\" data-widget_type=\"text-editor.default\">\n\t\t\t\t<div class=\"elementor-widget-container\">\n\t\t\t\t\t\t\t\t\t<p style=\"text-align: justify;\">Conferin\u021ba \u201cFinancial Education for Children and Young People in South East Europe (SEE)\u201d a fost organizat\u0103, \u00een parteneriat cu Rom\u00e2nia, \u00een cadrul proiectului de asisten\u021b\u0103 tehnic\u0103 desf\u0103\u0219urat de Organiza\u021bia pentru Cooperare \u0219i Dezvoltare Economic\u0103 (OECD) \u0219i Re\u021beaua sa interna\u021bional\u0103 de educa\u021bie financiar\u0103 (INFE), cu sprijinul Ministerului Finan\u021belor din Olanda \u0219i al platformei Money Wise.<\/p>\t\t\t\t\t\t\t\t<\/div>\n\t\t\t\t<\/div>\n\t\t\t\t<div class=\"elementor-element elementor-element-b4e0a39 elementor-widget elementor-widget-button\" data-id=\"b4e0a39\" data-element_type=\"widget\" data-e-type=\"widget\" data-widget_type=\"button.default\">\n\t\t\t\t<div class=\"elementor-widget-container\">\n\t\t\t\t\t\t\t\t\t<div class=\"elementor-button-wrapper\">\n\t\t\t\t\t<a class=\"elementor-button elementor-button-link elementor-size-sm\" href=\"\/wp-content\/uploads\/Comunicat-OECD.pdf\" target=\"_blank\">\n\t\t\t\t\t\t<span class=\"elementor-button-content-wrapper\">\n\t\t\t\t\t\t\t\t\t<span class=\"elementor-button-text\">Download<\/span>\n\t\t\t\t\t<\/span>\n\t\t\t\t\t<\/a>\n\t\t\t\t<\/div>\n\t\t\t\t\t\t\t\t<\/div>\n\t\t\t\t<\/div>\n\t\t\t\t\t<\/div>\n\t\t\t\t<\/div>\n\t\t\t\t<\/div>","protected":false},"excerpt":{"rendered":"<p>Conferin\u021ba \u201cFinancial Education for Children and Young People in South East Europe (SEE)\u201d a fost organizat\u0103, \u00een parteneriat cu Rom\u00e2nia, \u00een cadrul proiectului de asisten\u021b\u0103 tehnic\u0103 desf\u0103\u0219urat de Organiza\u021bia pentru Cooperare \u0219i Dezvoltare Economic\u0103 (OECD) \u0219i Re\u021beaua sa interna\u021bional\u0103 de educa\u021bie financiar\u0103 (INFE), cu sprijinul Ministerului Finan\u021belor din Olanda \u0219i al platformei Money Wise. Desc\u0103rca\u021bi<\/p>","protected":false},"author":5,"featured_media":0,"comment_status":"closed","ping_status":"closed","sticky":false,"template":"","format":"standard","meta":{"inline_featured_image":false,"footnotes":""},"categories":[4],"tags":[],"class_list":["post-1454859","post","type-post","status-publish","format-standard","hentry","category-noutati"],"acf":[],"yoast_head":"<!-- This site is optimized with the Yoast SEO plugin v27.4 - https:\/\/yoast.com\/product\/yoast-seo-wordpress\/ -->\n<title>Conferin\u021ba OECD \u00een parteneriat cu Rom\u00e2nia - Asocia\u021bia Rom\u00e2n\u0103 a B\u0103ncilor (ARB)<\/title>\n<meta name=\"robots\" content=\"index, follow, max-snippet:-1, max-image-preview:large, max-video-preview:-1\" \/>\n<link rel=\"canonical\" href=\"https:\/\/www.arb.ro\/en\/conferinta-oecd-in-parteneriat-cu-romania\/\" \/>\n<meta property=\"og:locale\" content=\"en_US\" \/>\n<meta property=\"og:type\" content=\"article\" \/>\n<meta property=\"og:title\" content=\"Conferin\u021ba OECD \u00een parteneriat cu Rom\u00e2nia - Asocia\u021bia Rom\u00e2n\u0103 a B\u0103ncilor (ARB)\" \/>\n<meta property=\"og:description\" content=\"Conferin\u021ba \u201cFinancial Education for Children and Young People in South East Europe (SEE)\u201d a fost organizat\u0103, \u00een parteneriat cu Rom\u00e2nia, \u00een cadrul proiectului de asisten\u021b\u0103 tehnic\u0103 desf\u0103\u0219urat de Organiza\u021bia pentru Cooperare \u0219i Dezvoltare Economic\u0103 (OECD) \u0219i Re\u021beaua sa interna\u021bional\u0103 de educa\u021bie financiar\u0103 (INFE), cu sprijinul Ministerului Finan\u021belor din Olanda \u0219i al platformei Money Wise. Desc\u0103rca\u021bi\" \/>\n<meta property=\"og:url\" content=\"https:\/\/www.arb.ro\/en\/conferinta-oecd-in-parteneriat-cu-romania\/\" \/>\n<meta property=\"og:site_name\" content=\"Asocia\u021bia Rom\u00e2n\u0103 a B\u0103ncilor (ARB)\" \/>\n<meta property=\"article:published_time\" content=\"2020-11-20T14:01:05+00:00\" \/>\n<meta property=\"article:modified_time\" content=\"2024-01-26T22:14:20+00:00\" \/>\n<meta name=\"author\" content=\"RABVB\" \/>\n<meta name=\"twitter:card\" content=\"summary_large_image\" \/>\n<meta name=\"twitter:label1\" content=\"Written by\" \/>\n\t<meta name=\"twitter:data1\" content=\"RABVB\" \/>\n<script type=\"application\/ld+json\" class=\"yoast-schema-graph\">{\"@context\":\"https:\\\/\\\/schema.org\",\"@graph\":[{\"@type\":\"Article\",\"@id\":\"https:\\\/\\\/www.arb.ro\\\/en\\\/conferinta-oecd-in-parteneriat-cu-romania\\\/#article\",\"isPartOf\":{\"@id\":\"https:\\\/\\\/www.arb.ro\\\/en\\\/conferinta-oecd-in-parteneriat-cu-romania\\\/\"},\"author\":{\"name\":\"RABVB\",\"@id\":\"https:\\\/\\\/www.arb.ro\\\/#\\\/schema\\\/person\\\/ae6781863ef928b4d6176e16b3c4452f\"},\"headline\":\"Conferin\u021ba OECD \u00een parteneriat cu Rom\u00e2nia\",\"datePublished\":\"2020-11-20T14:01:05+00:00\",\"dateModified\":\"2024-01-26T22:14:20+00:00\",\"mainEntityOfPage\":{\"@id\":\"https:\\\/\\\/www.arb.ro\\\/en\\\/conferinta-oecd-in-parteneriat-cu-romania\\\/\"},\"wordCount\":73,\"publisher\":{\"@id\":\"https:\\\/\\\/www.arb.ro\\\/#organization\"},\"articleSection\":[\"Nout\u0103\u021bi\"],\"inLanguage\":\"en-US\"},{\"@type\":\"WebPage\",\"@id\":\"https:\\\/\\\/www.arb.ro\\\/en\\\/conferinta-oecd-in-parteneriat-cu-romania\\\/\",\"url\":\"https:\\\/\\\/www.arb.ro\\\/en\\\/conferinta-oecd-in-parteneriat-cu-romania\\\/\",\"name\":\"Conferin\u021ba OECD \u00een parteneriat cu Rom\u00e2nia - Asocia\u021bia Rom\u00e2n\u0103 a B\u0103ncilor (ARB)\",\"isPartOf\":{\"@id\":\"https:\\\/\\\/www.arb.ro\\\/#website\"},\"datePublished\":\"2020-11-20T14:01:05+00:00\",\"dateModified\":\"2024-01-26T22:14:20+00:00\",\"breadcrumb\":{\"@id\":\"https:\\\/\\\/www.arb.ro\\\/en\\\/conferinta-oecd-in-parteneriat-cu-romania\\\/#breadcrumb\"},\"inLanguage\":\"en-US\",\"potentialAction\":[{\"@type\":\"ReadAction\",\"target\":[\"https:\\\/\\\/www.arb.ro\\\/en\\\/conferinta-oecd-in-parteneriat-cu-romania\\\/\"]}]},{\"@type\":\"BreadcrumbList\",\"@id\":\"https:\\\/\\\/www.arb.ro\\\/en\\\/conferinta-oecd-in-parteneriat-cu-romania\\\/#breadcrumb\",\"itemListElement\":[{\"@type\":\"ListItem\",\"position\":1,\"name\":\"Home\",\"item\":\"https:\\\/\\\/www.arb.ro\\\/\"},{\"@type\":\"ListItem\",\"position\":2,\"name\":\"Conferin\u021ba OECD \u00een parteneriat cu Rom\u00e2nia\"}]},{\"@type\":\"WebSite\",\"@id\":\"https:\\\/\\\/www.arb.ro\\\/#website\",\"url\":\"https:\\\/\\\/www.arb.ro\\\/\",\"name\":\"Asocia\u021bia Rom\u00e2n\u0103 a B\u0103ncilor (ARB)\",\"description\":\"Asocia\u021bia Rom\u00e2n\u0103 a B\u0103ncilor\",\"publisher\":{\"@id\":\"https:\\\/\\\/www.arb.ro\\\/#organization\"},\"potentialAction\":[{\"@type\":\"SearchAction\",\"target\":{\"@type\":\"EntryPoint\",\"urlTemplate\":\"https:\\\/\\\/www.arb.ro\\\/?s={search_term_string}\"},\"query-input\":{\"@type\":\"PropertyValueSpecification\",\"valueRequired\":true,\"valueName\":\"search_term_string\"}}],\"inLanguage\":\"en-US\"},{\"@type\":\"Organization\",\"@id\":\"https:\\\/\\\/www.arb.ro\\\/#organization\",\"name\":\"Asocia\u021bia Rom\u00e2n\u0103 a B\u0103ncilor (ARB)\",\"url\":\"https:\\\/\\\/www.arb.ro\\\/\",\"logo\":{\"@type\":\"ImageObject\",\"inLanguage\":\"en-US\",\"@id\":\"https:\\\/\\\/www.arb.ro\\\/#\\\/schema\\\/logo\\\/image\\\/\",\"url\":\"https:\\\/\\\/www.arb.ro\\\/wp-content\\\/uploads\\\/ARB_35_TRANSPARENCY.png\",\"contentUrl\":\"https:\\\/\\\/www.arb.ro\\\/wp-content\\\/uploads\\\/ARB_35_TRANSPARENCY.png\",\"width\":1820,\"height\":1987,\"caption\":\"Asocia\u021bia Rom\u00e2n\u0103 a B\u0103ncilor (ARB)\"},\"image\":{\"@id\":\"https:\\\/\\\/www.arb.ro\\\/#\\\/schema\\\/logo\\\/image\\\/\"}},{\"@type\":\"Person\",\"@id\":\"https:\\\/\\\/www.arb.ro\\\/#\\\/schema\\\/person\\\/ae6781863ef928b4d6176e16b3c4452f\",\"name\":\"RABVB\",\"image\":{\"@type\":\"ImageObject\",\"inLanguage\":\"en-US\",\"@id\":\"https:\\\/\\\/secure.gravatar.com\\\/avatar\\\/01d0e9168124273d841dee9782484af6e2260ba0f94c82d9317aa8c1a030d47a?s=96&d=mm&r=g\",\"url\":\"https:\\\/\\\/secure.gravatar.com\\\/avatar\\\/01d0e9168124273d841dee9782484af6e2260ba0f94c82d9317aa8c1a030d47a?s=96&d=mm&r=g\",\"contentUrl\":\"https:\\\/\\\/secure.gravatar.com\\\/avatar\\\/01d0e9168124273d841dee9782484af6e2260ba0f94c82d9317aa8c1a030d47a?s=96&d=mm&r=g\",\"caption\":\"RABVB\"},\"url\":\"https:\\\/\\\/www.arb.ro\\\/en\\\/author\\\/vlad\\\/\"}]}<\/script>\n<!-- \/ Yoast SEO plugin. -->","yoast_head_json":{"title":"Conferin\u021ba OECD \u00een parteneriat cu Rom\u00e2nia - Asocia\u021bia Rom\u00e2n\u0103 a B\u0103ncilor (ARB)","robots":{"index":"index","follow":"follow","max-snippet":"max-snippet:-1","max-image-preview":"max-image-preview:large","max-video-preview":"max-video-preview:-1"},"canonical":"https:\/\/www.arb.ro\/en\/conferinta-oecd-in-parteneriat-cu-romania\/","og_locale":"en_US","og_type":"article","og_title":"Conferin\u021ba OECD \u00een parteneriat cu Rom\u00e2nia - Asocia\u021bia Rom\u00e2n\u0103 a B\u0103ncilor (ARB)","og_description":"Conferin\u021ba \u201cFinancial Education for Children and Young People in South East Europe (SEE)\u201d a fost organizat\u0103, \u00een parteneriat cu Rom\u00e2nia, \u00een cadrul proiectului de asisten\u021b\u0103 tehnic\u0103 desf\u0103\u0219urat de Organiza\u021bia pentru Cooperare \u0219i Dezvoltare Economic\u0103 (OECD) \u0219i Re\u021beaua sa interna\u021bional\u0103 de educa\u021bie financiar\u0103 (INFE), cu sprijinul Ministerului Finan\u021belor din Olanda \u0219i al platformei Money Wise. Desc\u0103rca\u021bi","og_url":"https:\/\/www.arb.ro\/en\/conferinta-oecd-in-parteneriat-cu-romania\/","og_site_name":"Asocia\u021bia Rom\u00e2n\u0103 a B\u0103ncilor (ARB)","article_published_time":"2020-11-20T14:01:05+00:00","article_modified_time":"2024-01-26T22:14:20+00:00","author":"RABVB","twitter_card":"summary_large_image","twitter_misc":{"Written by":"RABVB"},"schema":{"@context":"https:\/\/schema.org","@graph":[{"@type":"Article","@id":"https:\/\/www.arb.ro\/en\/conferinta-oecd-in-parteneriat-cu-romania\/#article","isPartOf":{"@id":"https:\/\/www.arb.ro\/en\/conferinta-oecd-in-parteneriat-cu-romania\/"},"author":{"name":"RABVB","@id":"https:\/\/www.arb.ro\/#\/schema\/person\/ae6781863ef928b4d6176e16b3c4452f"},"headline":"Conferin\u021ba OECD \u00een parteneriat cu Rom\u00e2nia","datePublished":"2020-11-20T14:01:05+00:00","dateModified":"2024-01-26T22:14:20+00:00","mainEntityOfPage":{"@id":"https:\/\/www.arb.ro\/en\/conferinta-oecd-in-parteneriat-cu-romania\/"},"wordCount":73,"publisher":{"@id":"https:\/\/www.arb.ro\/#organization"},"articleSection":["Nout\u0103\u021bi"],"inLanguage":"en-US"},{"@type":"WebPage","@id":"https:\/\/www.arb.ro\/en\/conferinta-oecd-in-parteneriat-cu-romania\/","url":"https:\/\/www.arb.ro\/en\/conferinta-oecd-in-parteneriat-cu-romania\/","name":"Conferin\u021ba OECD \u00een parteneriat cu Rom\u00e2nia - Asocia\u021bia Rom\u00e2n\u0103 a B\u0103ncilor (ARB)","isPartOf":{"@id":"https:\/\/www.arb.ro\/#website"},"datePublished":"2020-11-20T14:01:05+00:00","dateModified":"2024-01-26T22:14:20+00:00","breadcrumb":{"@id":"https:\/\/www.arb.ro\/en\/conferinta-oecd-in-parteneriat-cu-romania\/#breadcrumb"},"inLanguage":"en-US","potentialAction":[{"@type":"ReadAction","target":["https:\/\/www.arb.ro\/en\/conferinta-oecd-in-parteneriat-cu-romania\/"]}]},{"@type":"BreadcrumbList","@id":"https:\/\/www.arb.ro\/en\/conferinta-oecd-in-parteneriat-cu-romania\/#breadcrumb","itemListElement":[{"@type":"ListItem","position":1,"name":"Home","item":"https:\/\/www.arb.ro\/"},{"@type":"ListItem","position":2,"name":"Conferin\u021ba OECD \u00een parteneriat cu Rom\u00e2nia"}]},{"@type":"WebSite","@id":"https:\/\/www.arb.ro\/#website","url":"https:\/\/www.arb.ro\/","name":"Asocia\u021bia Rom\u00e2n\u0103 a B\u0103ncilor (ARB)","description":"Romanian Association of Banks","publisher":{"@id":"https:\/\/www.arb.ro\/#organization"},"potentialAction":[{"@type":"SearchAction","target":{"@type":"EntryPoint","urlTemplate":"https:\/\/www.arb.ro\/?s={search_term_string}"},"query-input":{"@type":"PropertyValueSpecification","valueRequired":true,"valueName":"search_term_string"}}],"inLanguage":"en-US"},{"@type":"Organization","@id":"https:\/\/www.arb.ro\/#organization","name":"Asocia\u021bia Rom\u00e2n\u0103 a B\u0103ncilor (ARB)","url":"https:\/\/www.arb.ro\/","logo":{"@type":"ImageObject","inLanguage":"en-US","@id":"https:\/\/www.arb.ro\/#\/schema\/logo\/image\/","url":"https:\/\/www.arb.ro\/wp-content\/uploads\/ARB_35_TRANSPARENCY.png","contentUrl":"https:\/\/www.arb.ro\/wp-content\/uploads\/ARB_35_TRANSPARENCY.png","width":1820,"height":1987,"caption":"Asocia\u021bia Rom\u00e2n\u0103 a B\u0103ncilor (ARB)"},"image":{"@id":"https:\/\/www.arb.ro\/#\/schema\/logo\/image\/"}},{"@type":"Person","@id":"https:\/\/www.arb.ro\/#\/schema\/person\/ae6781863ef928b4d6176e16b3c4452f","name":"RABVB","image":{"@type":"ImageObject","inLanguage":"en-US","@id":"https:\/\/secure.gravatar.com\/avatar\/01d0e9168124273d841dee9782484af6e2260ba0f94c82d9317aa8c1a030d47a?s=96&d=mm&r=g","url":"https:\/\/secure.gravatar.com\/avatar\/01d0e9168124273d841dee9782484af6e2260ba0f94c82d9317aa8c1a030d47a?s=96&d=mm&r=g","contentUrl":"https:\/\/secure.gravatar.com\/avatar\/01d0e9168124273d841dee9782484af6e2260ba0f94c82d9317aa8c1a030d47a?s=96&d=mm&r=g","caption":"RABVB"},"url":"https:\/\/www.arb.ro\/en\/author\/vlad\/"}]}},"_links":{"self":[{"href":"https:\/\/www.arb.ro\/en\/wp-json\/wp\/v2\/posts\/1454859","targetHints":{"allow":["GET"]}}],"collection":[{"href":"https:\/\/www.arb.ro\/en\/wp-json\/wp\/v2\/posts"}],"about":[{"href":"https:\/\/www.arb.ro\/en\/wp-json\/wp\/v2\/types\/post"}],"author":[{"embeddable":true,"href":"https:\/\/www.arb.ro\/en\/wp-json\/wp\/v2\/users\/5"}],"replies":[{"embeddable":true,"href":"https:\/\/www.arb.ro\/en\/wp-json\/wp\/v2\/comments?post=1454859"}],"version-history":[{"count":0,"href":"https:\/\/www.arb.ro\/en\/wp-json\/wp\/v2\/posts\/1454859\/revisions"}],"wp:attachment":[{"href":"https:\/\/www.arb.ro\/en\/wp-json\/wp\/v2\/media?parent=1454859"}],"wp:term":[{"taxonomy":"category","embeddable":true,"href":"https:\/\/www.arb.ro\/en\/wp-json\/wp\/v2\/categories?post=1454859"},{"taxonomy":"post_tag","embeddable":true,"href":"https:\/\/www.arb.ro\/en\/wp-json\/wp\/v2\/tags?post=1454859"}],"curies":[{"name":"wp","href":"https:\/\/api.w.org\/{rel}","templated":true}]}}