{"id":1397536,"date":"2020-10-21T12:12:15","date_gmt":"2020-10-21T09:12:15","guid":{"rendered":"https:\/\/www.arb.ro\/?p=1397536"},"modified":"2024-01-15T18:54:35","modified_gmt":"2024-01-15T16:54:35","slug":"dreptullabanking-lanseaza-sezonul-doi-al-emisiunii-de-educatie-financiara-la-taclale-si-parale","status":"publish","type":"post","link":"https:\/\/www.arb.ro\/en\/dreptullabanking-lanseaza-sezonul-doi-al-emisiunii-de-educatie-financiara-la-taclale-si-parale\/","title":{"rendered":"#DreptulLaBanking lanseaz\u0103 sezonul doi al emisiunii de educa\u021bie financiar\u0103 \u201cLa Taclale \u0219i Parale\u201d - only in romanian"},"content":{"rendered":"<div data-elementor-type=\"wp-post\" data-elementor-id=\"1397536\" class=\"elementor elementor-1397536\" data-elementor-post-type=\"post\">\n\t\t\t\t<div class=\"elementor-element elementor-element-66245a9e e-flex e-con-boxed e-con e-parent\" data-id=\"66245a9e\" data-element_type=\"container\" data-e-type=\"container\">\n\t\t\t\t\t<div class=\"e-con-inner\">\n\t\t\t\t<div class=\"elementor-element elementor-element-1cf035a9 elementor-widget elementor-widget-text-editor\" data-id=\"1cf035a9\" data-element_type=\"widget\" data-e-type=\"widget\" data-widget_type=\"text-editor.default\">\n\t\t\t\t<div class=\"elementor-widget-container\">\n\t\t\t\t\t\t\t\t\t<p style=\"text-align: justify;\">Platforma <a href=\"https:\/\/dreptullabanking.ro\/\">DreptulLaBanking<\/a> invit\u0103 publicul s\u0103 se \u00eenscrie la al doilea sezon al show-ului online de educa\u021bie financiar\u0103 \u201cLa Taclale \u0219i Parale\u201d. Show-ul este conceput sub forma unui concurs de cunos\u021binte\u00a0generale pe teme financiare, iar gazda emisiunii este Cabral.<\/p><p style=\"text-align: justify;\">Al doilea sezon include \u015fase emisiuni, difuzate s\u0103pt\u0103m\u00e2nal pe Facebook pe pagina @DreptulLaBanking \u0219i pe <a href=\"http:\/\/www.dreptullabanking.ro\">www.dreptullabanking.ro<\/a>, s\u00e2mb\u0103ta, de la ora 11.00. Dup\u0103 succesul repurtat \u00een vara anului 2020 \u00een primul sezon al emisiunii online, sezonul doi aduce, pe l\u00e2ng\u0103 edi\u0163ia consacrat\u0103 liderilor de companii, \u015fi o emisiune pentru elevii de liceu. La edi\u021bia dedicat\u0103 tinerilor \u00a0se pot \u00eenscrie elevi cu v\u00e2rsta \u00eentre 14 \u0219i 17 ani, \u00eemplini\u021bi la data \u00eenceperii campaniei, cu consim\u021b\u0103m\u00e2ntul reprezentantului legal, premiul pentru c\u00e2\u0219tig\u0103tor fiind \u00een valoare de 500 lei.<\/p>\t\t\t\t\t\t\t\t<\/div>\n\t\t\t\t<\/div>\n\t\t\t\t<div class=\"elementor-element elementor-element-6898623 elementor-widget elementor-widget-button\" data-id=\"6898623\" data-element_type=\"widget\" data-e-type=\"widget\" data-widget_type=\"button.default\">\n\t\t\t\t<div class=\"elementor-widget-container\">\n\t\t\t\t\t\t\t\t\t<div class=\"elementor-button-wrapper\">\n\t\t\t\t\t<a class=\"elementor-button elementor-button-link elementor-size-sm\" href=\"\/wp-content\/uploads\/CP-La-taclale-si-parale-19.10.2020-1.pdf\" target=\"_blank\">\n\t\t\t\t\t\t<span class=\"elementor-button-content-wrapper\">\n\t\t\t\t\t\t\t\t\t<span class=\"elementor-button-text\">Download<\/span>\n\t\t\t\t\t<\/span>\n\t\t\t\t\t<\/a>\n\t\t\t\t<\/div>\n\t\t\t\t\t\t\t\t<\/div>\n\t\t\t\t<\/div>\n\t\t\t\t\t<\/div>\n\t\t\t\t<\/div>\n\t\t\t\t<\/div>","protected":false},"excerpt":{"rendered":"<p>Platforma DreptulLaBanking invit\u0103 publicul s\u0103 se \u00eenscrie la al doilea sezon al show-ului online de educa\u021bie financiar\u0103 \u201cLa Taclale \u0219i Parale\u201d. Show-ul este conceput sub forma unui concurs de cunos\u021binte\u00a0generale pe teme financiare, iar gazda emisiunii este Cabral. Al doilea sezon include \u015fase emisiuni, difuzate s\u0103pt\u0103m\u00e2nal pe Facebook pe pagina @DreptulLaBanking \u0219i pe www.dreptullabanking.ro, s\u00e2mb\u0103ta, [&hellip;]<\/p>\n","protected":false},"author":3,"featured_media":3424033,"comment_status":"closed","ping_status":"closed","sticky":false,"template":"","format":"standard","meta":{"inline_featured_image":false,"footnotes":""},"categories":[3],"tags":[],"class_list":["post-1397536","post","type-post","status-publish","format-standard","has-post-thumbnail","hentry","category-comunicate-de-presa"],"acf":[],"yoast_head":"<!-- This site is optimized with the Yoast SEO plugin v27.4 - https:\/\/yoast.com\/product\/yoast-seo-wordpress\/ -->\n<title>#DreptulLaBanking lanseaz\u0103 sezonul doi al emisiunii de educa\u021bie financiar\u0103 \u201cLa Taclale \u0219i Parale\u201d - Asocia\u021bia Rom\u00e2n\u0103 a B\u0103ncilor (ARB)<\/title>\n<meta name=\"robots\" content=\"index, follow, max-snippet:-1, max-image-preview:large, max-video-preview:-1\" \/>\n<link rel=\"canonical\" href=\"https:\/\/www.arb.ro\/en\/dreptullabanking-lanseaza-sezonul-doi-al-emisiunii-de-educatie-financiara-la-taclale-si-parale\/\" \/>\n<meta property=\"og:locale\" content=\"en_US\" \/>\n<meta property=\"og:type\" content=\"article\" \/>\n<meta property=\"og:title\" content=\"#DreptulLaBanking lanseaz\u0103 sezonul doi al emisiunii de educa\u021bie financiar\u0103 \u201cLa Taclale \u0219i Parale\u201d - Asocia\u021bia Rom\u00e2n\u0103 a B\u0103ncilor (ARB)\" \/>\n<meta property=\"og:description\" content=\"Platforma DreptulLaBanking invit\u0103 publicul s\u0103 se \u00eenscrie la al doilea sezon al show-ului online de educa\u021bie financiar\u0103 \u201cLa Taclale \u0219i Parale\u201d. Show-ul este conceput sub forma unui concurs de cunos\u021binte\u00a0generale pe teme financiare, iar gazda emisiunii este Cabral. Al doilea sezon include \u015fase emisiuni, difuzate s\u0103pt\u0103m\u00e2nal pe Facebook pe pagina @DreptulLaBanking \u0219i pe www.dreptullabanking.ro, s\u00e2mb\u0103ta, [&hellip;]\" \/>\n<meta property=\"og:url\" content=\"https:\/\/www.arb.ro\/en\/dreptullabanking-lanseaza-sezonul-doi-al-emisiunii-de-educatie-financiara-la-taclale-si-parale\/\" \/>\n<meta property=\"og:site_name\" content=\"Asocia\u021bia Rom\u00e2n\u0103 a B\u0103ncilor (ARB)\" \/>\n<meta property=\"article:published_time\" content=\"2020-10-21T09:12:15+00:00\" \/>\n<meta property=\"article:modified_time\" content=\"2024-01-15T16:54:35+00:00\" \/>\n<meta property=\"og:image\" content=\"https:\/\/www.arb.ro\/wp-content\/uploads\/comunicat_de_presa_generic-e1712223343342.jpg\" \/>\n\t<meta property=\"og:image:width\" content=\"1183\" \/>\n\t<meta property=\"og:image:height\" content=\"812\" \/>\n\t<meta property=\"og:image:type\" content=\"image\/jpeg\" \/>\n<meta name=\"author\" content=\"Julius\" \/>\n<meta name=\"twitter:card\" content=\"summary_large_image\" \/>\n<meta name=\"twitter:label1\" content=\"Written by\" \/>\n\t<meta name=\"twitter:data1\" content=\"Julius\" \/>\n\t<meta name=\"twitter:label2\" content=\"Est. reading time\" \/>\n\t<meta name=\"twitter:data2\" content=\"1 minute\" \/>\n<script type=\"application\/ld+json\" class=\"yoast-schema-graph\">{\"@context\":\"https:\\\/\\\/schema.org\",\"@graph\":[{\"@type\":\"Article\",\"@id\":\"https:\\\/\\\/www.arb.ro\\\/dreptullabanking-lanseaza-sezonul-doi-al-emisiunii-de-educatie-financiara-la-taclale-si-parale\\\/#article\",\"isPartOf\":{\"@id\":\"https:\\\/\\\/www.arb.ro\\\/dreptullabanking-lanseaza-sezonul-doi-al-emisiunii-de-educatie-financiara-la-taclale-si-parale\\\/\"},\"author\":{\"name\":\"Julius\",\"@id\":\"https:\\\/\\\/www.arb.ro\\\/#\\\/schema\\\/person\\\/dee91fbc10f29d0338e589f6bc22010f\"},\"headline\":\"#DreptulLaBanking lanseaz\u0103 sezonul doi al emisiunii de educa\u021bie financiar\u0103 \u201cLa Taclale \u0219i Parale\u201d\",\"datePublished\":\"2020-10-21T09:12:15+00:00\",\"dateModified\":\"2024-01-15T16:54:35+00:00\",\"mainEntityOfPage\":{\"@id\":\"https:\\\/\\\/www.arb.ro\\\/dreptullabanking-lanseaza-sezonul-doi-al-emisiunii-de-educatie-financiara-la-taclale-si-parale\\\/\"},\"wordCount\":153,\"publisher\":{\"@id\":\"https:\\\/\\\/www.arb.ro\\\/#organization\"},\"image\":{\"@id\":\"https:\\\/\\\/www.arb.ro\\\/dreptullabanking-lanseaza-sezonul-doi-al-emisiunii-de-educatie-financiara-la-taclale-si-parale\\\/#primaryimage\"},\"thumbnailUrl\":\"https:\\\/\\\/www.arb.ro\\\/wp-content\\\/uploads\\\/comunicat_de_presa_generic-e1712223343342.jpg\",\"articleSection\":[\"Comunicate de presa\"],\"inLanguage\":\"en-US\"},{\"@type\":\"WebPage\",\"@id\":\"https:\\\/\\\/www.arb.ro\\\/dreptullabanking-lanseaza-sezonul-doi-al-emisiunii-de-educatie-financiara-la-taclale-si-parale\\\/\",\"url\":\"https:\\\/\\\/www.arb.ro\\\/dreptullabanking-lanseaza-sezonul-doi-al-emisiunii-de-educatie-financiara-la-taclale-si-parale\\\/\",\"name\":\"#DreptulLaBanking lanseaz\u0103 sezonul doi al emisiunii de educa\u021bie financiar\u0103 \u201cLa Taclale \u0219i Parale\u201d - Asocia\u021bia Rom\u00e2n\u0103 a B\u0103ncilor (ARB)\",\"isPartOf\":{\"@id\":\"https:\\\/\\\/www.arb.ro\\\/#website\"},\"primaryImageOfPage\":{\"@id\":\"https:\\\/\\\/www.arb.ro\\\/dreptullabanking-lanseaza-sezonul-doi-al-emisiunii-de-educatie-financiara-la-taclale-si-parale\\\/#primaryimage\"},\"image\":{\"@id\":\"https:\\\/\\\/www.arb.ro\\\/dreptullabanking-lanseaza-sezonul-doi-al-emisiunii-de-educatie-financiara-la-taclale-si-parale\\\/#primaryimage\"},\"thumbnailUrl\":\"https:\\\/\\\/www.arb.ro\\\/wp-content\\\/uploads\\\/comunicat_de_presa_generic-e1712223343342.jpg\",\"datePublished\":\"2020-10-21T09:12:15+00:00\",\"dateModified\":\"2024-01-15T16:54:35+00:00\",\"breadcrumb\":{\"@id\":\"https:\\\/\\\/www.arb.ro\\\/dreptullabanking-lanseaza-sezonul-doi-al-emisiunii-de-educatie-financiara-la-taclale-si-parale\\\/#breadcrumb\"},\"inLanguage\":\"en-US\",\"potentialAction\":[{\"@type\":\"ReadAction\",\"target\":[\"https:\\\/\\\/www.arb.ro\\\/dreptullabanking-lanseaza-sezonul-doi-al-emisiunii-de-educatie-financiara-la-taclale-si-parale\\\/\"]}]},{\"@type\":\"ImageObject\",\"inLanguage\":\"en-US\",\"@id\":\"https:\\\/\\\/www.arb.ro\\\/dreptullabanking-lanseaza-sezonul-doi-al-emisiunii-de-educatie-financiara-la-taclale-si-parale\\\/#primaryimage\",\"url\":\"https:\\\/\\\/www.arb.ro\\\/wp-content\\\/uploads\\\/comunicat_de_presa_generic-e1712223343342.jpg\",\"contentUrl\":\"https:\\\/\\\/www.arb.ro\\\/wp-content\\\/uploads\\\/comunicat_de_presa_generic-e1712223343342.jpg\",\"width\":1183,\"height\":812},{\"@type\":\"BreadcrumbList\",\"@id\":\"https:\\\/\\\/www.arb.ro\\\/dreptullabanking-lanseaza-sezonul-doi-al-emisiunii-de-educatie-financiara-la-taclale-si-parale\\\/#breadcrumb\",\"itemListElement\":[{\"@type\":\"ListItem\",\"position\":1,\"name\":\"Home\",\"item\":\"https:\\\/\\\/www.arb.ro\\\/\"},{\"@type\":\"ListItem\",\"position\":2,\"name\":\"#DreptulLaBanking lanseaz\u0103 sezonul doi al emisiunii de educa\u021bie financiar\u0103 \u201cLa Taclale \u0219i Parale\u201d\"}]},{\"@type\":\"WebSite\",\"@id\":\"https:\\\/\\\/www.arb.ro\\\/#website\",\"url\":\"https:\\\/\\\/www.arb.ro\\\/\",\"name\":\"Asocia\u021bia Rom\u00e2n\u0103 a B\u0103ncilor (ARB)\",\"description\":\"Asocia\u021bia Rom\u00e2n\u0103 a B\u0103ncilor\",\"publisher\":{\"@id\":\"https:\\\/\\\/www.arb.ro\\\/#organization\"},\"potentialAction\":[{\"@type\":\"SearchAction\",\"target\":{\"@type\":\"EntryPoint\",\"urlTemplate\":\"https:\\\/\\\/www.arb.ro\\\/?s={search_term_string}\"},\"query-input\":{\"@type\":\"PropertyValueSpecification\",\"valueRequired\":true,\"valueName\":\"search_term_string\"}}],\"inLanguage\":\"en-US\"},{\"@type\":\"Organization\",\"@id\":\"https:\\\/\\\/www.arb.ro\\\/#organization\",\"name\":\"Asocia\u021bia Rom\u00e2n\u0103 a B\u0103ncilor (ARB)\",\"url\":\"https:\\\/\\\/www.arb.ro\\\/\",\"logo\":{\"@type\":\"ImageObject\",\"inLanguage\":\"en-US\",\"@id\":\"https:\\\/\\\/www.arb.ro\\\/#\\\/schema\\\/logo\\\/image\\\/\",\"url\":\"https:\\\/\\\/www.arb.ro\\\/wp-content\\\/uploads\\\/ARB_35_TRANSPARENCY.png\",\"contentUrl\":\"https:\\\/\\\/www.arb.ro\\\/wp-content\\\/uploads\\\/ARB_35_TRANSPARENCY.png\",\"width\":1820,\"height\":1987,\"caption\":\"Asocia\u021bia Rom\u00e2n\u0103 a B\u0103ncilor (ARB)\"},\"image\":{\"@id\":\"https:\\\/\\\/www.arb.ro\\\/#\\\/schema\\\/logo\\\/image\\\/\"}},{\"@type\":\"Person\",\"@id\":\"https:\\\/\\\/www.arb.ro\\\/#\\\/schema\\\/person\\\/dee91fbc10f29d0338e589f6bc22010f\",\"name\":\"Julius\",\"image\":{\"@type\":\"ImageObject\",\"inLanguage\":\"en-US\",\"@id\":\"https:\\\/\\\/secure.gravatar.com\\\/avatar\\\/a150566e73bdc5dcfc20cd2566475302134db2bf8a825e694a349ea596e418c9?s=96&d=mm&r=g\",\"url\":\"https:\\\/\\\/secure.gravatar.com\\\/avatar\\\/a150566e73bdc5dcfc20cd2566475302134db2bf8a825e694a349ea596e418c9?s=96&d=mm&r=g\",\"contentUrl\":\"https:\\\/\\\/secure.gravatar.com\\\/avatar\\\/a150566e73bdc5dcfc20cd2566475302134db2bf8a825e694a349ea596e418c9?s=96&d=mm&r=g\",\"caption\":\"Julius\"},\"url\":\"https:\\\/\\\/www.arb.ro\\\/en\\\/author\\\/iulianr\\\/\"}]}<\/script>\n<!-- \/ Yoast SEO plugin. -->","yoast_head_json":{"title":"#DreptulLaBanking lanseaz\u0103 sezonul doi al emisiunii de educa\u021bie financiar\u0103 \u201cLa Taclale \u0219i Parale\u201d - Asocia\u021bia Rom\u00e2n\u0103 a B\u0103ncilor (ARB)","robots":{"index":"index","follow":"follow","max-snippet":"max-snippet:-1","max-image-preview":"max-image-preview:large","max-video-preview":"max-video-preview:-1"},"canonical":"https:\/\/www.arb.ro\/en\/dreptullabanking-lanseaza-sezonul-doi-al-emisiunii-de-educatie-financiara-la-taclale-si-parale\/","og_locale":"en_US","og_type":"article","og_title":"#DreptulLaBanking lanseaz\u0103 sezonul doi al emisiunii de educa\u021bie financiar\u0103 \u201cLa Taclale \u0219i Parale\u201d - Asocia\u021bia Rom\u00e2n\u0103 a B\u0103ncilor (ARB)","og_description":"Platforma DreptulLaBanking invit\u0103 publicul s\u0103 se \u00eenscrie la al doilea sezon al show-ului online de educa\u021bie financiar\u0103 \u201cLa Taclale \u0219i Parale\u201d. Show-ul este conceput sub forma unui concurs de cunos\u021binte\u00a0generale pe teme financiare, iar gazda emisiunii este Cabral. Al doilea sezon include \u015fase emisiuni, difuzate s\u0103pt\u0103m\u00e2nal pe Facebook pe pagina @DreptulLaBanking \u0219i pe www.dreptullabanking.ro, s\u00e2mb\u0103ta, [&hellip;]","og_url":"https:\/\/www.arb.ro\/en\/dreptullabanking-lanseaza-sezonul-doi-al-emisiunii-de-educatie-financiara-la-taclale-si-parale\/","og_site_name":"Asocia\u021bia Rom\u00e2n\u0103 a B\u0103ncilor (ARB)","article_published_time":"2020-10-21T09:12:15+00:00","article_modified_time":"2024-01-15T16:54:35+00:00","og_image":[{"width":1183,"height":812,"url":"https:\/\/www.arb.ro\/wp-content\/uploads\/comunicat_de_presa_generic-e1712223343342.jpg","type":"image\/jpeg"}],"author":"Julius","twitter_card":"summary_large_image","twitter_misc":{"Written by":"Julius","Est. reading time":"1 minute"},"schema":{"@context":"https:\/\/schema.org","@graph":[{"@type":"Article","@id":"https:\/\/www.arb.ro\/dreptullabanking-lanseaza-sezonul-doi-al-emisiunii-de-educatie-financiara-la-taclale-si-parale\/#article","isPartOf":{"@id":"https:\/\/www.arb.ro\/dreptullabanking-lanseaza-sezonul-doi-al-emisiunii-de-educatie-financiara-la-taclale-si-parale\/"},"author":{"name":"Julius","@id":"https:\/\/www.arb.ro\/#\/schema\/person\/dee91fbc10f29d0338e589f6bc22010f"},"headline":"#DreptulLaBanking lanseaz\u0103 sezonul doi al emisiunii de educa\u021bie financiar\u0103 \u201cLa Taclale \u0219i Parale\u201d","datePublished":"2020-10-21T09:12:15+00:00","dateModified":"2024-01-15T16:54:35+00:00","mainEntityOfPage":{"@id":"https:\/\/www.arb.ro\/dreptullabanking-lanseaza-sezonul-doi-al-emisiunii-de-educatie-financiara-la-taclale-si-parale\/"},"wordCount":153,"publisher":{"@id":"https:\/\/www.arb.ro\/#organization"},"image":{"@id":"https:\/\/www.arb.ro\/dreptullabanking-lanseaza-sezonul-doi-al-emisiunii-de-educatie-financiara-la-taclale-si-parale\/#primaryimage"},"thumbnailUrl":"https:\/\/www.arb.ro\/wp-content\/uploads\/comunicat_de_presa_generic-e1712223343342.jpg","articleSection":["Comunicate de presa"],"inLanguage":"en-US"},{"@type":"WebPage","@id":"https:\/\/www.arb.ro\/dreptullabanking-lanseaza-sezonul-doi-al-emisiunii-de-educatie-financiara-la-taclale-si-parale\/","url":"https:\/\/www.arb.ro\/dreptullabanking-lanseaza-sezonul-doi-al-emisiunii-de-educatie-financiara-la-taclale-si-parale\/","name":"#DreptulLaBanking lanseaz\u0103 sezonul doi al emisiunii de educa\u021bie financiar\u0103 \u201cLa Taclale \u0219i Parale\u201d - Asocia\u021bia Rom\u00e2n\u0103 a B\u0103ncilor (ARB)","isPartOf":{"@id":"https:\/\/www.arb.ro\/#website"},"primaryImageOfPage":{"@id":"https:\/\/www.arb.ro\/dreptullabanking-lanseaza-sezonul-doi-al-emisiunii-de-educatie-financiara-la-taclale-si-parale\/#primaryimage"},"image":{"@id":"https:\/\/www.arb.ro\/dreptullabanking-lanseaza-sezonul-doi-al-emisiunii-de-educatie-financiara-la-taclale-si-parale\/#primaryimage"},"thumbnailUrl":"https:\/\/www.arb.ro\/wp-content\/uploads\/comunicat_de_presa_generic-e1712223343342.jpg","datePublished":"2020-10-21T09:12:15+00:00","dateModified":"2024-01-15T16:54:35+00:00","breadcrumb":{"@id":"https:\/\/www.arb.ro\/dreptullabanking-lanseaza-sezonul-doi-al-emisiunii-de-educatie-financiara-la-taclale-si-parale\/#breadcrumb"},"inLanguage":"en-US","potentialAction":[{"@type":"ReadAction","target":["https:\/\/www.arb.ro\/dreptullabanking-lanseaza-sezonul-doi-al-emisiunii-de-educatie-financiara-la-taclale-si-parale\/"]}]},{"@type":"ImageObject","inLanguage":"en-US","@id":"https:\/\/www.arb.ro\/dreptullabanking-lanseaza-sezonul-doi-al-emisiunii-de-educatie-financiara-la-taclale-si-parale\/#primaryimage","url":"https:\/\/www.arb.ro\/wp-content\/uploads\/comunicat_de_presa_generic-e1712223343342.jpg","contentUrl":"https:\/\/www.arb.ro\/wp-content\/uploads\/comunicat_de_presa_generic-e1712223343342.jpg","width":1183,"height":812},{"@type":"BreadcrumbList","@id":"https:\/\/www.arb.ro\/dreptullabanking-lanseaza-sezonul-doi-al-emisiunii-de-educatie-financiara-la-taclale-si-parale\/#breadcrumb","itemListElement":[{"@type":"ListItem","position":1,"name":"Home","item":"https:\/\/www.arb.ro\/"},{"@type":"ListItem","position":2,"name":"#DreptulLaBanking lanseaz\u0103 sezonul doi al emisiunii de educa\u021bie financiar\u0103 \u201cLa Taclale \u0219i Parale\u201d"}]},{"@type":"WebSite","@id":"https:\/\/www.arb.ro\/#website","url":"https:\/\/www.arb.ro\/","name":"Asocia\u021bia Rom\u00e2n\u0103 a B\u0103ncilor (ARB)","description":"Romanian Association of Banks","publisher":{"@id":"https:\/\/www.arb.ro\/#organization"},"potentialAction":[{"@type":"SearchAction","target":{"@type":"EntryPoint","urlTemplate":"https:\/\/www.arb.ro\/?s={search_term_string}"},"query-input":{"@type":"PropertyValueSpecification","valueRequired":true,"valueName":"search_term_string"}}],"inLanguage":"en-US"},{"@type":"Organization","@id":"https:\/\/www.arb.ro\/#organization","name":"Asocia\u021bia Rom\u00e2n\u0103 a B\u0103ncilor (ARB)","url":"https:\/\/www.arb.ro\/","logo":{"@type":"ImageObject","inLanguage":"en-US","@id":"https:\/\/www.arb.ro\/#\/schema\/logo\/image\/","url":"https:\/\/www.arb.ro\/wp-content\/uploads\/ARB_35_TRANSPARENCY.png","contentUrl":"https:\/\/www.arb.ro\/wp-content\/uploads\/ARB_35_TRANSPARENCY.png","width":1820,"height":1987,"caption":"Asocia\u021bia Rom\u00e2n\u0103 a B\u0103ncilor (ARB)"},"image":{"@id":"https:\/\/www.arb.ro\/#\/schema\/logo\/image\/"}},{"@type":"Person","@id":"https:\/\/www.arb.ro\/#\/schema\/person\/dee91fbc10f29d0338e589f6bc22010f","name":"Julius","image":{"@type":"ImageObject","inLanguage":"en-US","@id":"https:\/\/secure.gravatar.com\/avatar\/a150566e73bdc5dcfc20cd2566475302134db2bf8a825e694a349ea596e418c9?s=96&d=mm&r=g","url":"https:\/\/secure.gravatar.com\/avatar\/a150566e73bdc5dcfc20cd2566475302134db2bf8a825e694a349ea596e418c9?s=96&d=mm&r=g","contentUrl":"https:\/\/secure.gravatar.com\/avatar\/a150566e73bdc5dcfc20cd2566475302134db2bf8a825e694a349ea596e418c9?s=96&d=mm&r=g","caption":"Julius"},"url":"https:\/\/www.arb.ro\/en\/author\/iulianr\/"}]}},"_links":{"self":[{"href":"https:\/\/www.arb.ro\/en\/wp-json\/wp\/v2\/posts\/1397536","targetHints":{"allow":["GET"]}}],"collection":[{"href":"https:\/\/www.arb.ro\/en\/wp-json\/wp\/v2\/posts"}],"about":[{"href":"https:\/\/www.arb.ro\/en\/wp-json\/wp\/v2\/types\/post"}],"author":[{"embeddable":true,"href":"https:\/\/www.arb.ro\/en\/wp-json\/wp\/v2\/users\/3"}],"replies":[{"embeddable":true,"href":"https:\/\/www.arb.ro\/en\/wp-json\/wp\/v2\/comments?post=1397536"}],"version-history":[{"count":0,"href":"https:\/\/www.arb.ro\/en\/wp-json\/wp\/v2\/posts\/1397536\/revisions"}],"wp:featuredmedia":[{"embeddable":true,"href":"https:\/\/www.arb.ro\/en\/wp-json\/wp\/v2\/media\/3424033"}],"wp:attachment":[{"href":"https:\/\/www.arb.ro\/en\/wp-json\/wp\/v2\/media?parent=1397536"}],"wp:term":[{"taxonomy":"category","embeddable":true,"href":"https:\/\/www.arb.ro\/en\/wp-json\/wp\/v2\/categories?post=1397536"},{"taxonomy":"post_tag","embeddable":true,"href":"https:\/\/www.arb.ro\/en\/wp-json\/wp\/v2\/tags?post=1397536"}],"curies":[{"name":"wp","href":"https:\/\/api.w.org\/{rel}","templated":true}]}}