{"id":1239207,"date":"2020-08-07T19:57:51","date_gmt":"2020-08-07T16:57:51","guid":{"rendered":"https:\/\/www.arb.ro\/?p=1239207"},"modified":"2024-01-20T12:23:41","modified_gmt":"2024-01-20T10:23:41","slug":"populismul-a-refuzat-deja-romaniei-un-pib-cu-peste-o-treime-mai-mare","status":"publish","type":"post","link":"https:\/\/www.arb.ro\/en\/populismul-a-refuzat-deja-romaniei-un-pib-cu-peste-o-treime-mai-mare\/","title":{"rendered":"Populismul a refuzat deja Rom\u00e2niei un PIB cu peste o treime mai mare - only in romanian"},"content":{"rendered":"<div data-elementor-type=\"wp-post\" data-elementor-id=\"1239207\" class=\"elementor elementor-1239207\" data-elementor-post-type=\"post\">\n\t\t\t\t<div class=\"elementor-element elementor-element-31d5504c e-flex e-con-boxed e-con e-parent\" data-id=\"31d5504c\" data-element_type=\"container\" data-e-type=\"container\">\n\t\t\t\t\t<div class=\"e-con-inner\">\n\t\t\t\t<div class=\"elementor-element elementor-element-6f30d756 elementor-widget elementor-widget-text-editor\" data-id=\"6f30d756\" data-element_type=\"widget\" data-e-type=\"widget\" data-widget_type=\"text-editor.default\">\n\t\t\t\t<div class=\"elementor-widget-container\">\n\t\t\t\t\t\t\t\t\t<p style=\"text-align: justify;\"><em>&#8222;Industria bancar\u0103, \u00een calitatea ei de infrastructur\u0103 critic\u0103 a Rom\u00e2niei, trebuie s\u0103\u00a0 contribuie printr-o administrare \u0219i precaut\u0103 dar \u0219i curajoas\u0103 a resurselor financiare pe care le de\u021bine. Finan\u021barea direct\u0103 a popula\u021biei, companiilor \u0219i a statului rom\u00e2n trebuie s\u0103 continue. Responsabilitatea b\u0103ncilor va fi s\u0103 aloce ace\u0219ti bani acelor companii \u0219i sectoare care au capacitate de rambursare \u0219i care pot contribui semnificativ la cre\u0219terea PIB&#8221; spune Florin D\u0103nescu, Pre\u015fedintele Executiv al Asocia\u0163iei Rom\u00e2ne a B\u0103ncilor, \u00eentr-un interviu pe care am avut onoarea s\u0103 mi-l acorde pentru revista Pia\u0163a Financiar\u0103.<\/em><\/p><p style=\"text-align: justify;\"><strong><img fetchpriority=\"high\" decoding=\"async\" class=\"alignnone wp-image-1240867 size-full\" src=\"\/wp-content\/uploads\/0.jpeg\" alt=\"\" width=\"760\" height=\"420\" srcset=\"https:\/\/www.arb.ro\/wp-content\/uploads\/0.jpeg 760w, https:\/\/www.arb.ro\/wp-content\/uploads\/0-300x166.jpeg 300w\" sizes=\"(max-width: 760px) 100vw, 760px\" \/><\/strong><\/p><p style=\"text-align: justify;\"><strong>Avem un sistem bancar puternic \u015fi s\u0103n\u0103tos<\/strong><\/p><p style=\"text-align: justify;\"><strong><em>Cum a\u021bi aprecia evolu\u0163ia sistemului bancar \u00een primul semestru din 2020: care ar fi punctele tari \u0219i care ar fi punctele slabe la acest moment?<\/em><\/strong><\/p><p style=\"text-align: justify;\">Principalul punct tare este dat de intrarea \u00een criz\u0103 a principalului finan\u021bator al Rom\u00e2niei cu o s\u0103n\u0103tate peste media UE, bine capitalizat \u0219i cu indicatori pruden\u021biali \u0219i financiari adecva\u021bi \u00een raport cu riscurile. Este determinant c\u0103, \u00eentr-un context intern \u0219i interna\u021bional extrem de dificil, sistemul bancar a reu\u0219it s\u0103 demonstreze \u00eenc\u0103 o dat\u0103 soliditate, maturitate \u0219i o bun\u0103 capacitate \u00een a face fa\u021b\u0103 unor provoc\u0103ri importante \u00een sus\u021binerea finan\u021b\u0103rii economiei. La nivel european, a\u0219tept\u0103rile privind profitabilitatea sectorului bancar sunt \u00een sc\u0103dere, ceea ce a condus la identificarea unui nou poten\u021bial risc sistemic provenind din capacitatea redus\u0103 a institu\u021biilor de credit de a contribui la revenirea economic\u0103 pe fondul unei capacit\u0103\u021bi reduse de a sus\u021bine intermedierea financiar\u0103.<\/p><p style=\"text-align: justify;\">\u00cen cazul Rom\u00e2niei, se adaug\u0103 contextul nefast \u0219i singular dat de intrarea \u00een criz\u0103 pe fondul asediului persistent al legilor anti-b\u0103nci aflate \u00een Parlament \u0219i care singure, f\u0103r\u0103 efectul crizei sanitar-economice mondiale, pun sub semnul \u00eentreb\u0103rii capacitatea industriei bancare \u00een sus\u021binerea finan\u021b\u0103rii popula\u021biei, companiilor \u0219i statului. Adversitatea fa\u021b\u0103 de finan\u021barea Rom\u00e2niei a unui cadru legislativ incert \u0219i impredictibil reprezint\u0103 \u201ctichia de m\u0103rg\u0103ritar\u201d a economiei rom\u00e2ne\u0219ti \u0219i r\u0103m\u00e2ne principalul factor de risc cu poten\u021bial sistemic \u00een calea cre\u0219terii intermedierii financiare din Rom\u00e2nia. Suprapunerea acestui risc peste riscurile \u0219i dificult\u0103\u021bile crizei sanitare poate pava drumul periculos spre o alt\u0103 criz\u0103, cea financiar\u0103.<\/p><p style=\"text-align: justify;\"><strong>Ac\u0163iune silen\u0163ioas\u0103, ca o celul\u0103 de criz\u0103<\/strong><\/p><p style=\"text-align: justify;\"><strong><em>Ce pot face b\u0103ncile pentru a preveni transformarea unei crize sanitare \u00eentr-o criz\u0103 financiar\u0103?<\/em><\/strong><\/p><p style=\"text-align: justify;\">Este deja unanim acceptat de c\u0103tre profesioni\u0219ti c\u0103 va exista o sc\u0103dere economic\u0103 important\u0103 la nivel global. Vedem c\u0103 exist\u0103 o preocupare alert\u0103, at\u00e2t la nivelul deciden\u021bilor forurilor europene, c\u00e2t \u0219i ai autorit\u0103\u021bilor na\u021bionale, pentru identificarea unor solu\u021bii care s\u0103 limiteze amploarea impactului economic.<\/p><p style=\"text-align: justify;\">Industria bancar\u0103, \u00een calitatea ei de infrastructur\u0103 critic\u0103 a Rom\u00e2niei, trebuie s\u0103\u00a0 contribuie printr-o administrare \u0219i precaut\u0103 dar \u0219i curajoas\u0103 a resurselor financiare pe care le de\u021bine. Finan\u021barea direct\u0103 a popula\u021biei, companiilor \u0219i a statului rom\u00e2n trebuie s\u0103 continue. Responsabilitatea b\u0103ncilor va fi s\u0103 aloce ace\u0219ti bani acelor companii \u0219i sectoare care au capacitate de rambursare \u0219i care pot contribui semnificativ la cre\u0219terea PIB. Este fundamental\u0103 \u00eent\u0103rirea unui parteneriat solid cu statul rom\u00e2n, at\u00e2t \u00een componenta direct\u0103 ca \u0219i finan\u021bator, dar \u0219i \u00een cea a consult\u0103rii \u0219i sus\u021binerii diferitelor ini\u021biative publice, precum am\u00e2narea ratelor de credit pentru popula\u021bie \u0219i companii, IMM Invest, Noua Cas\u0103, garantarea creditelor companiilor, IMM Factor, garantarea creditului comercial din perspectiva asiguratorilor, etc., contribuind la men\u021binerea fluxurilor financiare \u00een cadrul economiei.<\/p><p style=\"text-align: justify;\"><strong>B\u0103ncile trebuie s\u0103 r\u0103m\u00e2n\u0103 pe acelea\u0219i pozi\u021bii responsabile pe le-au luat \u00eenc\u0103 de la debutul crizei sanitare c\u00e2nd au ac\u021bionat proactiv, silen\u021bios \u0219i curajos pentru a contracara efectele crizei.<\/strong><\/p><p style=\"text-align: justify;\">La nivel integrat prin ARB au reac\u021bionat ca o celul\u0103 de criz\u0103, fiind unul din principalii interlocutori \u0219i parteneri de ac\u021biune ai autorit\u0103\u021bilor. Expertiza b\u0103ncilor \u00een implementarea eficient\u0103 a planurilor de continuitate a contat \u0219i conteaz\u0103 \u00een continuare. Astfel, chiar p\u00e2n\u0103 la ordonan\u021ba care am\u00e2na ratele cu nou\u0103 luni, b\u0103ncile au oferit proactiv am\u00e2n\u0103ri de rate, pun\u00e2nd pe locul al doilea consecin\u021bele aferente acestei decizii \u2013 \u0219i anume reducerea semnificativ\u0103 a lichidit\u0103\u021bii \u0219i capacitatea de acoperire a costurilor. Intermedierea financiar\u0103 \u00een condi\u021bii de aten\u021bie sporit\u0103 face parte din solu\u021bia revenirii economiei.<\/p><p style=\"text-align: justify;\">Metaforic, putem spune c\u0103 b\u0103ncile accelereaz\u0103 acum pe autostrada economiei romane\u0219ti, \u00een momentul \u00een care din sens invers, pe contrasens vin \u00een mare vitez\u0103 vehiculele riscurilor, cel al cre\u0219terii neperforman\u021bei, al intensific\u0103rii \u00eencerc\u0103rilor frauduloase de a ob\u021bine ajutorul banilor publici \u0219i ai deponen\u021bilor b\u0103ncilor \u0219i, nu \u00een ultimul r\u00e2nd, vehiculul cel mai periculos, cel al populismului aflat la cote istorice. Populismul se concretizeaz\u0103 \u00een ini\u021biative legislative antieconomice, destinate unora putini \u0219i cunoscu\u021bi, \u00een detrimentul \u0219i pe costul celor mul\u021bi \u0219i necunoscu\u021bi.<\/p><p style=\"text-align: justify;\">De aceea, doar precau\u021bia dar \u0219i curajul b\u0103ncilor nu va fi \u00eendeajuns. Acum politicul trebuie s\u0103 \u00eenso\u021beasc\u0103 onest \u0219i f\u0103r\u0103 tenta\u021bia \u0219i ipocrizia populismului nevoile economiei, nu invers ca p\u00e2n\u0103 acum.<\/p><p style=\"text-align: justify;\"><strong>Sistemul bancar \u0219i datoriile suverane nu mai reprezint\u0103 cauza crizei, ci solu\u021bia la aceasta\u00a0<\/strong><\/p><p style=\"text-align: justify;\"><strong><em>Ce asem\u0103n\u0103ri \u0219i ce deosebiri exist\u0103 \u00eentre momentul 2008-2009 \u0219i respectiv momentul 2020? Ce lec\u021bii \u00eenv\u0103\u021bate din precedenta criz\u0103 ne folosesc ast\u0103zi, pentru a o gestiona mai bine pe cea curent\u0103?<\/em><\/strong><\/p><p style=\"text-align: justify;\">Cu toate c\u0103 ambele crize au venit dup\u0103 o perioada de cre\u0219tere economic\u0103 sus\u021binut\u0103, ele sunt complet diferite. Sistemul bancar \u0219i datoriile suverane nu mai reprezint\u0103 cauza crizei, ci solu\u021bia la aceasta. Criza din 2008-2009 a avut un trigger, un factor de declan\u0219are ce \u021binea de anumite instrumente economice \u0219i financiare. A afectat\u0103 prima economie a lumii \u0219i a generat un efect de contagiune la nivel global. Odat\u0103 declan\u0219at\u0103, a existat un anumit tipar de evolu\u021bie la care ne-am putut raporta. Nu aceea\u0219i este situa\u021bia \u0219i \u00een cazul momentului 2020. \u00cen primul r\u00e2nd, vorbim de o criz\u0103 de s\u0103n\u0103tate public\u0103 global\u0103, care a generat \u00eentr-adev\u0103r un impact economic negativ profund, aproape \u00een fiecare stat din lume. Am avut \u00eentregi ramuri economice blocate dintr-o dat\u0103, ceea ce nu s-a mai \u00eent\u00e2mplat din perioada celui de-al Doilea R\u0103zboi Mondial, iar atunci \u00eentr-un num\u0103r mai mic de state.<\/p><p style=\"text-align: justify;\">Cu excep\u021bia anumitor domenii cheie, practic fiecare afacere a resim\u021bit unda de \u0219oc. Nu vorbim \u00eens\u0103 \u0219i de o criz\u0103 economic\u0103 \u0219i financiar\u0103 existent\u0103 la timpul prezent. Putem vorbi de o contrac\u021bie economic\u0103. Miza este, \u00eentr-adev\u0103r, ca ea s\u0103 nu se transforme \u00eentr-o criz\u0103 economic\u0103 profund\u0103 \u0219i de durat\u0103. Aici este punctul de preocupare \u0219i asist\u0103m la implementarea diferitor pachete de stimulare a economiilor pe \u00eentreg mapamondul. Uniunea European\u0103 \u0219i Rom\u00e2nia nu fac excep\u021bie.<\/p><p style=\"text-align: justify;\"><strong>Criza din 2008-2009 a jucat aici un rol foarte important. \u00cen urma ei s-a \u00een\u021beles importan\u021ba unor ac\u021biuni pro-active, agregate \u00eentr-un plan \u0219i mai ales rapide, \u00eenainte ca situa\u021bia economic\u0103 s\u0103 se deterioreze profund. Putem spune c\u0103 aceasta a fost principala lec\u021bie a crizei din 2008-2009 \u0219i categoric \u00eenv\u0103\u021b\u0103mintele ei ne ajut\u0103 azi. O alt\u0103 diferen\u021b\u0103 este c\u0103 populismul nu a otr\u0103vit prima jum\u0103tate a crizei din 2008-2009, pe c\u00e2nd \u00een cazul crizei 2020 populi\u0219tii-cei f\u0103r\u0103 de profesie \u0219i f\u0103r\u0103 de \u021bar\u0103 au ie\u0219it \u00eenainte de vreme din carantin\u0103 \u0219i c\u00e2nt\u0103 deja aria atot\u0219tiutorilor pe ritmuri patriotice.<\/strong><\/p><p style=\"text-align: justify;\"><strong>Populismul nu \u00eenseamn\u0103 *pentru popor*, ci *\u00eempotriva lui*<\/strong><\/p><p style=\"text-align: justify;\"><strong><em>Populismul inflameaz\u0103 \u015fi actuala criz\u0103 sanitar\u0103, dup\u0103 cum, ani la r\u00e2nd, a inflamat rela\u021bia b\u0103nci-clien\u021bi. Cum poate fi comb\u0103tut acest populism, mai ales c\u0103 urmeaz\u0103 runde electorale, \u00een scurt timp?<\/em><\/strong><\/p><p style=\"text-align: justify;\">Maxima mea preferat\u0103 este \u201dbinele nu face zgomot, zgomotul nu face bine\u201d. Dac\u0103 \u00eent\u00e2lni\u021bi o persoan\u0103 zgomotoas\u0103 care \u201e\u021bip\u0103 binele\u201d despre alte profesii dec\u00e2t a lor sau despre subiecte pe care nu le st\u0103p\u00e2nesc \u00een timp ce face r\u0103u celor din jurul lui, trebuie sa \u0219ti\u021bi c\u0103 v-a\u021bi \u00eent\u00e2lnit cu un populist. Acesta nu are profesie, dar \u0219tie totul despre toate, explic\u0103 totul prin conspira\u021bii \u0219i vrea doar \u201cbinele poporului\u201d, chiar dac\u0103 se va dovedi c\u0103 binele pe care \u00eel promite este pentru un num\u0103r restr\u00e2ns de persoane pe costul celor mul\u021bi. Populismul s-a extins \u00een afara politicului, este ast\u0103zi peste tot. A ap\u0103rut de exemplu precum bolile profesionale, populismul profesional. Astfel de oameni reprezint\u0103 profesii, industrii, partide, neg\u00e2nd sau pervertind principiile \u00eenv\u0103\u021bate \u00een \u0219coli despre domeniile lor profesionale.<\/p><p style=\"text-align: justify;\">La debutul crizei spuneam c\u0103 sper ca populi\u0219tii s\u0103 r\u0103m\u00e2n\u0103 \u201e\u00een cas\u0103\u201d \u0219i s\u0103 lase profesioni\u0219tii \u00een medicin\u0103 \u0219i \u00een economie s\u0103 \u00ee\u0219i fac\u0103 meseria. Speran\u021ba noastr\u0103 a fost de\u0219art\u0103, iar pre\u021bul pe care deja \u00eel pl\u0103tim cu to\u021bii este colosal. \u00cen domeniile sanitar \u0219i economic primeaz\u0103 \u00een continuare \u0219i prea des decizia politic\u0103 necorelat\u0103 cu actul medical sau cu actul economic. Noi am sperat c\u0103 politicul \u00ee\u0219i va asuma la nivel de parlament unele pierderi de imagine care ar fi venit la pachet cu unele m\u0103suri corecte pentru gestionarea situa\u021biei date, \u00eens\u0103 acest lucru nu s-a \u00eent\u00e2mplat. Asum\u00e2ndu-\u0219i proactiv am\u00e2narea ratelor \u0219i cre\u0219terea credit\u0103rii \u00een condi\u021bii de risc major, industria bancar\u0103 a acceptat s\u0103 piard\u0103 \u0219i am sperat c\u0103 \u0219i mediul politic va face la fel, pentru c\u0103 \u00een perioade de criz\u0103 este nevoie de decizii grele, nu de unele care s\u0103 caute capital politic.<\/p><p style=\"text-align: justify;\"><strong>Populistul este de obicei du\u0219manul expertului, du\u0219manul elitei \u0219i clameaz\u0103 apelul la \u201ebunul sim\u021b\u201d, la generozitate nesustenabil\u0103 pe buzunarul altora. Dac\u0103 te \u00eent\u00e2lne\u0219ti cu un populist trebuie s\u0103 te a\u0219tep\u021bi ca acesta va dori s\u0103 extrag\u0103 \u00een mod for\u021bat un avantaj de la tine.<\/strong><\/p><p style=\"text-align: justify;\">La baz\u0103, populismul speculeaz\u0103 ne\u0219tiin\u021ba \u0219i nepreg\u0103tirea \u00eentr-un domeniu, frica de necunoscut, de aceea cred c\u0103 poate fi redus prin cre\u0219terea gradului de educa\u021bie, prin derularea unor campanii pe termen lung, menite s\u0103 traseze direc\u021biile de baz\u0103 \u00een orice domeniu, astfel \u00eenc\u00e2t ac\u021biunile populiste s\u0103 aib\u0103 un ecou c\u00e2t mai mic. De aceea ARB teoretizeaz\u0103 \u0219i comunic\u0103 de c\u00e2\u021biva ani despre cercul vicios al populismului \u0219i cercul virtuos al educa\u021biei. Ca m\u0103sur\u0103 pe termen scurt, trebuie s\u0103 comunic\u0103m cu to\u021bii mai direct \u0219i mai ap\u0103sat, penalizator, despre populism \u0219i costurile lui. \u0218tim cu to\u021bii c\u0103 exist\u0103 acea majoritate t\u0103cut\u0103. Dac\u0103 vom reu\u0219i s\u0103 o atragem \u00een ac\u021biune \u00eempotriva ipocriziei \u0219i populismului, viitorul nostru va fi unul bun. Un exemplu este s\u0103 \u00eencerc\u0103m s\u0103 m\u0103sur\u0103m un indicator al populismului pentru a realiza impactul acestuia. La nivelul industriei bancare noi explic\u0103m rela\u021biile \u00eentre populism &#8211; legisla\u021bie &#8211; creditare \u0219i bun\u0103starea individului. Astfel, putem analiza dou\u0103 concluzii:<\/p><ol style=\"text-align: justify;\"><li>gradul ridicat de incertitudine al cadrului legislativ \u00een domeniul bancar este evaluat formal de c\u0103tre BNR drept un risc sistemic ridicat (iunie 2020, raportul de stabilitate al BNR) \u0219i este considerat de c\u0103tre b\u0103ncile comerciale drept principalul obstacol financiar responsabil pentru c\u0103derea intermedierii financiare a Rom\u00e2niei de la 40% la 25%;<\/li><li>o reducere poten\u021bial\u0103 a credit\u0103rii gospod\u0103riilor \u0219i a \u00eentreprinderilor cu 5% \u00een urma unei capacit\u0103\u021bi mai mici a institu\u021biilor de credit de a finan\u021ba sectorul privat este estimat\u0103 s\u0103 conduc\u0103 la sc\u0103derea PIB cu 2,64% (studiu KPMG).<\/li><\/ol><p style=\"text-align: justify;\">Putem afla c\u0103 pre\u021bul populismului, doar \u00een componenta sa anti-bancar\u0103 prin legisla\u021bia advers\u0103 credit\u0103rii din ultimii 10 ani, este pl\u0103tit an de an \u0219i const\u0103 \u00een faptul c\u0103 populismul a refuzat deja Rom\u00e2niei un PIB cu peste o treime mai mare.<\/p><p style=\"text-align: justify;\">Efectul suprapunerii bloc\u0103rii capacit\u0103\u021bii industriei bancare de a finan\u021ba economia peste riscul unei reevalu\u0103ri negative a ratingului de \u021bar\u0103 \u0219i peste efectele crizei pandemiei COVID-19 este, \u00een termeni diplomatici, incomensurabil.<\/p><p style=\"text-align: justify;\">Iar toate acestea se \u00eent\u00e2mpla acum \u00een Rom\u00e2nia \u00eentr-un moment \u00een care toate economiile lumii alearg\u0103 dup\u0103 finan\u021bare \u0219tiind c\u0103 b\u0103ncile sunt solu\u021bia crizei \u0219i nu cauza acesteia.<\/p><p style=\"text-align: justify;\"><strong>V\u0103 adresez o \u00eentrebare, dar \u0219i o provocare, domnule Moise: cum ar fi ca fiecare industrie s\u0103 m\u0103soare impactul populismului asupra fiec\u0103rei industrii \u00een termeni de pierdere de bun\u0103stare (PIB\/locuitor) cu ajutorul unor consultan\u021bi prestigio\u0219i \u0219i credibili, iar apoi s\u0103 \u00eel comunic\u0103m \u201emajorit\u0103\u021bii t\u0103cute\u201d cu ajutorul dumneavoastr\u0103, al presei care se lupt\u0103 s\u0103 r\u0103m\u00e2n\u0103 credibil\u0103? \u021ainta ar fi s\u0103 demonstr\u0103m ferm, cu cifre, c\u0103 populismul nu \u00eenseamn\u0103 pentru popor, ci \u00eempotriva lui.<\/strong><\/p><p style=\"text-align: justify;\"><strong>O prezentare ferm\u0103 \u00een cifre a costurilor asumate de b\u0103nci \u00een contextul crizei nu este posibil\u0103 \u00eenc\u0103<\/strong><\/p><p style=\"text-align: justify;\"><strong><em>Care ar fi costurile crizei pe care \u0219i le-au asumat b\u0103ncile: detalia\u0163i cu cifre, pentru c\u0103, poate, \u00een acest fel, vor pricepe mai bine \u0219i adep\u0163ii conspira\u0163iilor \u015fi ai populismului.<\/em><\/strong><\/p><p style=\"text-align: justify;\">\u00cen mod paradoxal, prima prezen\u021b\u0103 a ARB la guvern pentru un plan de ac\u021biune \u0219i sprijin \u00een criz\u0103 venea la o zi dup\u0103 ce majoritatea parlamentar\u0103 aprobase sprinten \u0219i harnic 4 legi cu efecte devastatoare la adresa finan\u021b\u0103rii Rom\u00e2niei. Asta, dup\u0103 ce efectul combinat al crizei financiare din 2008 \u0219i al populismului legislativ f\u0103cuse ca industria bancar\u0103 din Rom\u00e2nia s\u0103 ating\u0103 un maxim de neperforman\u021b\u0103 de 23%, peste 11 mld. de euro, s\u0103 \u00eenregistreze 5 ani de pierderi, iar apoi, dup\u0103 ajust\u0103ri de personal \u0219i desfiin\u021b\u0103ri de sucursale \u00een propor\u021bii de peste 25%, s\u0103 fie taxat\u0103 suplimentar cu o tax\u0103 unic\u0103 \u00een Europa.<\/p><p style=\"text-align: justify;\">Acum, pentru salvarea de la o pr\u0103bu\u0219ire economic\u0103 abrupt\u0103, se solicit\u0103 implicarea b\u0103ncilor uit\u00e2nd c\u0103 acestea erau deja puse \u00een dificultate. R\u0103ul fusese f\u0103cut c\u00e2t timp amprenta industriei bancare, cel mai mare finan\u021bator al Rom\u00e2niei, c\u0103zuse printr-o g\u00e2tuire populist\u0103 a intermedierii financiare de la 40% la 25%.<\/p><p style=\"text-align: justify;\"><strong>O conservare a acestui 40% (credite\/PIB), ar fi dus la o creditare de 90 de mld. de euro fa\u021b\u0103 de 53 de mld valoarea actual\u0103 \u0219i la un PIB ce ar fi putut fi cu mai mult de o treime mai mare, iar aceast\u0103 criz\u0103 ar fi g\u0103sit o industrie bancar\u0103 care putea acorda un sprijin mult mai larg dec\u00e2t este ra\u021bional posibil acum. Acesta este reversul medaliei \u0219i acesta este decontul populismului.<\/strong><\/p><p style=\"text-align: justify;\">Astfel, \u00eenainte de a fi deja o \u0219tire c\u0103 suntem \u00eentr-o criza sanitar\u0103, ne-am preg\u0103tit s\u0103 rezistam unui foc ce ar fi putut face scrum toate rezervele financiare necesare ie\u0219irii din criz\u0103. \u0218tiam c\u0103, pe fondul escalad\u0103rii presiunii psihologice date de criz\u0103 c\u00e2t \u0219i al populismului deja antrenat la adresa b\u0103ncilor, ne vom confrunta cu a\u0219tept\u0103ri induse \u0219i presiuni la adresa b\u0103ncilor ce vor ie\u0219i excesiv din sfera unei abord\u0103ri normale, ra\u021bionale, etice \u0219i chiar legale. Comunitatea bancar\u0103 european\u0103 ne avertiza despre riscul aglomer\u0103rii de presiuni pe ob\u021binerea de bani publici \u0219i priva\u021bi sub pretextul covid19. Cheia rezisten\u021bei noastre era s\u0103 nu c\u0103dem \u00een capcana precipit\u0103rii \u0219i a panicii care ar fi avut ca rezultat risipirea \u00een van a resurselor financiare ale economiei \u0219i, \u00een cazul nostru, a resurselor b\u0103ncilor. Altfel, alocarea resurselor c\u0103tre destinatari ilegitimi sau \u00een momente nejustificate ne va costa ustur\u0103tor \u00een etapele viitoare ale crizei.<\/p><p style=\"text-align: justify;\">\u0218tiam c\u0103 vom avea de rezolvat mai multe probleme dec\u00e2t sfaturile care ne erau date cu generozitate. Trebuia s\u0103 evit\u0103m blocarea circuitului financiar al \u021b\u0103rii prin acordarea nelimitat\u0103 de am\u00e2n\u0103ri de rate pentru a nu periclita lichiditatea creditelor noi. Noua creditare trebuia acordat\u0103 unor clien\u021bi afecta\u021bi de criz\u0103, dar care s\u0103 aib\u0103 capacitatea ramburs\u0103rii \u00een viitor a creditelor \u00eentr-o perspectiv\u0103 absolut imprevizibil\u0103. Pierderi prea mari din neperforman\u021b\u0103 ne pot conduce la o criz\u0103 financiar\u0103 care s\u0103 duc\u0103 la un sindrom vicios care nu se compar\u0103 ca amplitudine cu prognozele negative moderate de ast\u0103zi.<\/p><p style=\"text-align: justify;\">Consecven\u021bi acestei misiuni autoimpuse, \u00eenc\u0103 din luna martie, \u00eenaintea tuturor \u0219i \u00eenaintea majorit\u0103\u021bii \u021b\u0103rilor europene, b\u0103ncile din Rom\u00e2nia au adoptat m\u0103suri de sprijin pentru companii \u0219i popula\u021bie. La televiziuni au ap\u0103rut speciali\u0219ti \u00een domeniul bancar, dar nu din b\u0103nci, care prevesteau cu voce rea c\u0103 b\u0103ncile nu vor face de fapt nimic \u0219i ar fi urmat \u00een mod logic s\u0103 fim sensibiliza\u021bi cumva, prin ni\u0219te legi. Rolul nostru a fost \u0219i cel al avertiz\u0103rii ra\u021bionale despre nevoia \u00een\u021belegerii riscurilor la care este supus\u0103 \u00eentreaga societate c\u00e2t timp am\u00e2n\u0103rile de rate nu sunt \u201cla ofert\u0103\u201d \u0219i c\u0103, dac\u0103 sunt administrate tuturor f\u0103r\u0103 deosebire, ar putea accelera c\u0103tre o criz\u0103 financiar\u0103. Am avertizat c\u0103 s-a creat a\u0219teptarea nerealist\u0103 a unei redistribuiri f\u0103r\u0103 costuri a capitalurilor \u0219i c\u0103 ne vom a\u0219tepta la cre\u0219terea dificult\u0103\u021bii pentru client, a pl\u0103\u021bii \u00een viitor a datoriei am\u00e2nate, dar \u0219i la cre\u0219terea neperforman\u0163ei pentru b\u0103nci. P\u0103rea c\u0103 nu avem economi\u0219ti care s\u0103 se \u00eentrebe de ce pentru companii s\u0103 nu ai \u00eencas\u0103ri este o problem\u0103, iar pentru b\u0103nci nu.<\/p><p style=\"text-align: justify;\">\u00cen luna mai a ap\u0103rut \u0219i ordonan\u021ba am\u00e2n\u0103rii ratelor care s\u0103 fixeze mesajul de sprijin \u0219i din partea politicului. La zi, b\u0103ncile au acordat aproape 375.000 de suspend\u0103ri a obliga\u021biilor de plat\u0103 lunare, care reprezint\u0103 o pondere de aproximativ 22% din creditele \u00een derulare acordate popula\u021biei \u0219i aproximativ 28% din portofoliul total de credite acordate companiilor.<\/p><p style=\"text-align: justify;\">Peste 60% au fost solu\u021bionate \u00een baza Ordonan\u021bei de Urgen\u021b\u0103 37\/2020 \u0219i aproximativ 40% \u00een baza m\u0103surilor de sprijin adoptate proactiv de b\u0103nci.<\/p><p style=\"text-align: justify;\">Pe fondul ini\u021biativelor din parlament, care mai de care mai generoase, se promitea am\u00e2narea ratelor tuturor f\u0103r\u0103 nici un fel de cost, dar \u0219i acordarea de credite noi. Pu\u021bini sunt cei care \u0219tiu c\u0103 o astfel de variant\u0103 ar fi costat industria bancar\u0103 miliarde de euro care ar fi f\u0103cut necesar\u0103 cre\u0219terea capitalurilor \u0219i reducerea activelor b\u0103ncilor cu o sum\u0103 echivalent\u0103 cu creditele acordate de b\u0103nci timp de 2 ani.<\/p><p style=\"text-align: justify;\">Tot ast\u0103zi, Programul IMM INVEST Rom\u00e2nia totalizeaz\u0103 credite poten\u021biale \u00een valoare de peste 40 miliarde lei, volumul fiind aproape triplu fa\u021b\u0103 de plafonul de garantare alocat ini\u021bial \u00een cadrul programului. La acest moment, nu se prefigureaz\u0103 o rat\u0103 a solicit\u0103rilor aprobate, \u00eens\u0103, potrivit statisticilor, doar 15% din companiile din Rom\u00e2nia sunt bancabile pe standardele actuale de reglementare. \u00cen prezent, 14% dintre companiile debitoare au beneficiat deja de suspendarea obliga\u021biilor de plat\u0103 la credite, din totalul de 100.000 de companii cu credite bancare. Aproape 40% dintre firme aveau capitaluri negative la finele anului 2018, ceea ce face ca nivelul capitaliz\u0103rii companiilor din Rom\u00e2nia sa fie o barier\u0103 \u00een finan\u021barea de c\u0103tre b\u0103nci a companiilor.<\/p><p style=\"text-align: justify;\">O component\u0103 a eforturilor b\u0103ncilor este cea a dinamicii accelerate chiar a credit\u0103rii \u00een timp ce pe contrasens apar riscuri tot mai mari asumate de b\u0103nci. Volumul creditelor noi acordate popula\u021biei \u0219i companiilor, \u00een cele patru luni de la debutul pandemiei, reprezint\u0103 8,5% din soldul creditului neguvernamental aferent lunii iunie 2020. O astfel de cifr\u0103 de cre\u0219tere a stocului de credite, chiar corectat\u0103 cu suma am\u00e2n\u0103rilor de rate, nu a mai fost v\u0103zut\u0103 de foarte mul\u021bi ani. B\u0103ncile din Rom\u00e2nia au acordat credite noi popula\u021biei \u0219i companiilor \u00een valoare de peste 23,1 miliarde de lei, \u00een perioada martie-iunie 2020.<\/p><p style=\"text-align: justify;\">Industria bancar\u0103 a \u00een\u021beles \u0219i \u00een\u021belege sentimentul urgen\u021bei \u0219i a fost \u0219i este pe deplin con\u0219tient\u0103 de importan\u021ba vitezei de accesare a am\u00e2n\u0103rilor la rate \u0219i a programului IMM INVEST. A\u021bi asistat la o mobilizare excep\u021bional\u0103 a b\u0103ncilor care, cu acelea\u0219i resurse, s-au confruntat cu un flux de solicit\u0103ri de peste 20 de ori mare dec\u00e2t \u00eentr-o perioad\u0103 normal\u0103. Unul dintre factorii cheie \u00een felul \u00een care b\u0103ncile au administrat aceast\u0103 provocare a fost dat de competen\u021ba de digitalizare rapid\u0103 a proceselor. Capacitatea b\u0103ncilor de digitalizare \u0219i de implementare rapid\u0103 de procese automatizate a jucat un rol important \u00een optimizarea timpilor de r\u0103spuns.<\/p><p style=\"text-align: justify;\">O prezentare ferm\u0103 \u00een cifre a costurilor asumate de b\u0103nci \u00een contextul crizei nu este posibil\u0103 acum. Sunt sigur c\u0103 anul viitor va face o poz\u0103 mai clar\u0103 a volumului acestor costuri, iar b\u0103ncile \u00ee\u0219i fac \u00eenc\u0103 de acum tot felul de calcule. Un lucru \u00eemi este foarte clar: b\u0103ncile nu vor mai g\u0103si capitaluri la ac\u021bionarii lor la fel de facil ca \u00een criza trecut\u0103.<\/p><p style=\"text-align: justify;\"><strong>Educa\u021bia financiar\u0103 \u00eencepe s\u0103 c\u00e2\u0219tige teren<\/strong><\/p><p style=\"text-align: justify;\"><strong><em>Ce se poate face pentru cre\u0219terea nivelului de educa\u021bie financiar\u0103, un factor important pentru a limita daunele produse de populi\u0219ti?<\/em><\/strong><\/p><p style=\"text-align: justify;\">Educa\u021bia financiar\u0103 \u00eencepe s\u0103 c\u00e2\u0219tige teren \u0219i \u00een \u021bara noastr\u0103, fapt \u00eembucur\u0103tor av\u00e2nd \u00een vedere c\u0103 nivelul educa\u021biei financiare din Rom\u00e2nia este printre cele mai sc\u0103zute la nivel mondial \u0219i pe ultimul loc \u00een UE, aceea\u0219i situa\u021bie fiind \u00eent\u00e2lnit\u0103 at\u00e2t \u00een r\u00e2ndul adul\u021bilor, c\u00e2t \u0219i al copiilor.<\/p><p style=\"text-align: justify;\">Acum doi ani, \u00een iulie 2018, a fost semnat Acordul de colaborare pentru elaborarea Strategiei Na\u021bionale de Educa\u021bie Financiar\u0103. Semnatarii acestui acord sunt Ministerul Educa\u021biei Na\u021bionale, Banca Na\u021bional\u0103 a Rom\u00e2niei, Ministerul Finan\u021belor Publice, Autoritatea de Supraveghere Financiar\u0103 \u0219i Asocia\u021bia Rom\u00e2na a B\u0103ncilor. Putem spune c\u0103 prin realizarea acestui Acord s-a dat un semnal important \u0219i din zona autorit\u0103\u021bilor publice \u00een ceea ce prive\u0219te\u00a0 recunoa\u0219terea importan\u021bei cre\u0219terii nivelului de educa\u021bie financiar\u0103. \u00cen ace\u0219ti doi ani s-au f\u0103cut pa\u0219i \u00eenainte \u00een atingerea obiectivelor Acordului. Sper doar c\u0103 \u00een perioada urm\u0103toare vom reu\u0219i s\u0103 imprim\u0103m un ritm mai alert cu ajutorul partenerilor no\u0219tri din acest proiect, astfel \u00eenc\u00e2t s\u0103 putem anun\u021ba o strategie clar\u0103 de cre\u0219tere a nivelului de educa\u021bie financiar\u0103. Separat, institu\u021biile bancare au derulat \u0219i deruleaz\u0103 \u0219i \u00een prezent diferite ini\u021biative de educa\u021bie financiar\u0103. De asemenea, ARB a dezvoltat site-ul educatiefinanciara.info \u0219i, al\u0103turi de partenerii ei din cadrul Platformei de Educa\u021bie Financiar\u0103, asocia\u021bii reprezentative din diferite industrii parte a domeniului financiar, a lansat Manualul Practic pentru utilizatorul de servicii financiare. Exist\u0103 astfel \u00een mod cert o agend\u0103 a noastr\u0103 ca industrie \u00een promovarea de demersuri privind cre\u0219terea gradului de educa\u021bie financiar\u0103. Este \u00eens\u0103 important\u0103 finalizarea \u0219i stabilirea unui calendar de implementare a Strategiei na\u021bionale de educa\u021bie financiar\u0103 pentru a se reu\u0219i coalizarea unui efort c\u00e2t mai larg &#8211; autorit\u0103\u021bi, mediu de afaceri, societate civil\u0103 &#8211; \u00een vederea atingerii acestui obiectiv.<\/p><p style=\"text-align: justify;\">Dezvolt\u0103m, de asemenea, o multitudine de programe cu profesori din licee, universit\u0103\u021bi, \u0219coli generale. Sunt mult mai multe fapte pe care le facem \u00een acest domeniu dec\u00e2t spa\u021biul pe care \u00eel am \u00een interviul cu dvs. Chiar \u0219i a\u0219a, \u0219tim c\u0103 nu este de ajuns, iar ritmul evolutiv este nesatisf\u0103c\u0103tor comparativ cu nevoia.<\/p><p style=\"text-align: justify;\">Realitatea trist\u0103 este c\u0103, \u00een ciuda faptului c\u0103 strategia ARB este construit\u0103 \u00een jurul educa\u021biei financiare, digitaliz\u0103rii \u0219i credit\u0103rii Rom\u00e2niei, ni se confisc\u0103 majoritatea resurselor umane, financiare \u0219i de timp de c\u0103tre populism. Facem tot ce st\u0103 \u00een capacitatea noastr\u0103 \u0219i a alia\u021bilor no\u0219tri pentru a p\u0103r\u0103si cercul vicios al populismului \u0219i pentru a ne insera constructiv \u0219i integrator \u00een cercul virtuos al educa\u021biei.<\/p><p>Sursa: <a href=\"https:\/\/fineco24news.blogspot.com\/2020\/08\/florin-danescu-arb-populismul-refuzat.html\">https:\/\/fineco24news.blogspot.com\/2020\/08\/florin-danescu-arb-populismul-refuzat.html<\/a><\/p>\t\t\t\t\t\t\t\t<\/div>\n\t\t\t\t<\/div>\n\t\t\t\t\t<\/div>\n\t\t\t\t<\/div>\n\t\t\t\t<\/div>","protected":false},"excerpt":{"rendered":"<p>Florin D\u0103nescu, Pre\u0219edinte Executiv, Interviu Piata Financiara &#8211; 7 august 2020<\/p>","protected":false},"author":3,"featured_media":3014534,"comment_status":"closed","ping_status":"closed","sticky":false,"template":"","format":"standard","meta":{"inline_featured_image":false,"footnotes":""},"categories":[8],"tags":[],"class_list":["post-1239207","post","type-post","status-publish","format-standard","has-post-thumbnail","hentry","category-aparitii-media"],"acf":[],"yoast_head":"<!-- This site is optimized with the Yoast SEO plugin v27.4 - https:\/\/yoast.com\/product\/yoast-seo-wordpress\/ -->\n<title>Populismul a refuzat deja Rom\u00e2niei un PIB cu peste o treime mai mare - Asocia\u021bia Rom\u00e2n\u0103 a B\u0103ncilor (ARB)<\/title>\n<meta name=\"robots\" content=\"index, follow, max-snippet:-1, max-image-preview:large, max-video-preview:-1\" \/>\n<link rel=\"canonical\" href=\"https:\/\/www.arb.ro\/en\/populismul-a-refuzat-deja-romaniei-un-pib-cu-peste-o-treime-mai-mare\/\" \/>\n<meta property=\"og:locale\" content=\"en_US\" \/>\n<meta property=\"og:type\" content=\"article\" \/>\n<meta property=\"og:title\" content=\"Populismul a refuzat deja Rom\u00e2niei un PIB cu peste o treime mai mare - Asocia\u021bia Rom\u00e2n\u0103 a B\u0103ncilor (ARB)\" \/>\n<meta property=\"og:description\" content=\"Florin D\u0103nescu, Pre\u0219edinte Executiv, Interviu Piata Financiara - 7 august 2020\" \/>\n<meta property=\"og:url\" content=\"https:\/\/www.arb.ro\/en\/populismul-a-refuzat-deja-romaniei-un-pib-cu-peste-o-treime-mai-mare\/\" \/>\n<meta property=\"og:site_name\" content=\"Asocia\u021bia Rom\u00e2n\u0103 a B\u0103ncilor (ARB)\" \/>\n<meta property=\"article:published_time\" content=\"2020-08-07T16:57:51+00:00\" \/>\n<meta property=\"article:modified_time\" content=\"2024-01-20T10:23:41+00:00\" \/>\n<meta property=\"og:image\" content=\"https:\/\/www.arb.ro\/wp-content\/uploads\/florin-danescu42-6.jpg\" \/>\n\t<meta property=\"og:image:width\" content=\"118\" \/>\n\t<meta property=\"og:image:height\" content=\"118\" \/>\n\t<meta property=\"og:image:type\" content=\"image\/jpeg\" \/>\n<meta name=\"author\" content=\"Julius\" \/>\n<meta name=\"twitter:card\" content=\"summary_large_image\" \/>\n<meta name=\"twitter:label1\" content=\"Written by\" \/>\n\t<meta name=\"twitter:data1\" content=\"Julius\" \/>\n\t<meta name=\"twitter:label2\" content=\"Est. reading time\" \/>\n\t<meta name=\"twitter:data2\" content=\"20 minutes\" \/>\n<script type=\"application\/ld+json\" class=\"yoast-schema-graph\">{\"@context\":\"https:\\\/\\\/schema.org\",\"@graph\":[{\"@type\":\"Article\",\"@id\":\"https:\\\/\\\/www.arb.ro\\\/en\\\/populismul-a-refuzat-deja-romaniei-un-pib-cu-peste-o-treime-mai-mare\\\/#article\",\"isPartOf\":{\"@id\":\"https:\\\/\\\/www.arb.ro\\\/en\\\/populismul-a-refuzat-deja-romaniei-un-pib-cu-peste-o-treime-mai-mare\\\/\"},\"author\":{\"name\":\"Julius\",\"@id\":\"https:\\\/\\\/www.arb.ro\\\/#\\\/schema\\\/person\\\/dee91fbc10f29d0338e589f6bc22010f\"},\"headline\":\"Populismul a refuzat deja Rom\u00e2niei un PIB cu peste o treime mai mare\",\"datePublished\":\"2020-08-07T16:57:51+00:00\",\"dateModified\":\"2024-01-20T10:23:41+00:00\",\"mainEntityOfPage\":{\"@id\":\"https:\\\/\\\/www.arb.ro\\\/en\\\/populismul-a-refuzat-deja-romaniei-un-pib-cu-peste-o-treime-mai-mare\\\/\"},\"wordCount\":4017,\"publisher\":{\"@id\":\"https:\\\/\\\/www.arb.ro\\\/#organization\"},\"image\":{\"@id\":\"https:\\\/\\\/www.arb.ro\\\/en\\\/populismul-a-refuzat-deja-romaniei-un-pib-cu-peste-o-treime-mai-mare\\\/#primaryimage\"},\"thumbnailUrl\":\"https:\\\/\\\/www.arb.ro\\\/wp-content\\\/uploads\\\/florin-danescu42-6.jpg\",\"articleSection\":[\"Apari\u021bii media\"],\"inLanguage\":\"en-US\"},{\"@type\":\"WebPage\",\"@id\":\"https:\\\/\\\/www.arb.ro\\\/en\\\/populismul-a-refuzat-deja-romaniei-un-pib-cu-peste-o-treime-mai-mare\\\/\",\"url\":\"https:\\\/\\\/www.arb.ro\\\/en\\\/populismul-a-refuzat-deja-romaniei-un-pib-cu-peste-o-treime-mai-mare\\\/\",\"name\":\"Populismul a refuzat deja Rom\u00e2niei un PIB cu peste o treime mai mare - Asocia\u021bia Rom\u00e2n\u0103 a B\u0103ncilor (ARB)\",\"isPartOf\":{\"@id\":\"https:\\\/\\\/www.arb.ro\\\/#website\"},\"primaryImageOfPage\":{\"@id\":\"https:\\\/\\\/www.arb.ro\\\/en\\\/populismul-a-refuzat-deja-romaniei-un-pib-cu-peste-o-treime-mai-mare\\\/#primaryimage\"},\"image\":{\"@id\":\"https:\\\/\\\/www.arb.ro\\\/en\\\/populismul-a-refuzat-deja-romaniei-un-pib-cu-peste-o-treime-mai-mare\\\/#primaryimage\"},\"thumbnailUrl\":\"https:\\\/\\\/www.arb.ro\\\/wp-content\\\/uploads\\\/florin-danescu42-6.jpg\",\"datePublished\":\"2020-08-07T16:57:51+00:00\",\"dateModified\":\"2024-01-20T10:23:41+00:00\",\"breadcrumb\":{\"@id\":\"https:\\\/\\\/www.arb.ro\\\/en\\\/populismul-a-refuzat-deja-romaniei-un-pib-cu-peste-o-treime-mai-mare\\\/#breadcrumb\"},\"inLanguage\":\"en-US\",\"potentialAction\":[{\"@type\":\"ReadAction\",\"target\":[\"https:\\\/\\\/www.arb.ro\\\/en\\\/populismul-a-refuzat-deja-romaniei-un-pib-cu-peste-o-treime-mai-mare\\\/\"]}]},{\"@type\":\"ImageObject\",\"inLanguage\":\"en-US\",\"@id\":\"https:\\\/\\\/www.arb.ro\\\/en\\\/populismul-a-refuzat-deja-romaniei-un-pib-cu-peste-o-treime-mai-mare\\\/#primaryimage\",\"url\":\"https:\\\/\\\/www.arb.ro\\\/wp-content\\\/uploads\\\/florin-danescu42-6.jpg\",\"contentUrl\":\"https:\\\/\\\/www.arb.ro\\\/wp-content\\\/uploads\\\/florin-danescu42-6.jpg\",\"width\":118,\"height\":118},{\"@type\":\"BreadcrumbList\",\"@id\":\"https:\\\/\\\/www.arb.ro\\\/en\\\/populismul-a-refuzat-deja-romaniei-un-pib-cu-peste-o-treime-mai-mare\\\/#breadcrumb\",\"itemListElement\":[{\"@type\":\"ListItem\",\"position\":1,\"name\":\"Home\",\"item\":\"https:\\\/\\\/www.arb.ro\\\/\"},{\"@type\":\"ListItem\",\"position\":2,\"name\":\"Populismul a refuzat deja Rom\u00e2niei un PIB cu peste o treime mai mare\"}]},{\"@type\":\"WebSite\",\"@id\":\"https:\\\/\\\/www.arb.ro\\\/#website\",\"url\":\"https:\\\/\\\/www.arb.ro\\\/\",\"name\":\"Asocia\u021bia Rom\u00e2n\u0103 a B\u0103ncilor (ARB)\",\"description\":\"Asocia\u021bia Rom\u00e2n\u0103 a B\u0103ncilor\",\"publisher\":{\"@id\":\"https:\\\/\\\/www.arb.ro\\\/#organization\"},\"potentialAction\":[{\"@type\":\"SearchAction\",\"target\":{\"@type\":\"EntryPoint\",\"urlTemplate\":\"https:\\\/\\\/www.arb.ro\\\/?s={search_term_string}\"},\"query-input\":{\"@type\":\"PropertyValueSpecification\",\"valueRequired\":true,\"valueName\":\"search_term_string\"}}],\"inLanguage\":\"en-US\"},{\"@type\":\"Organization\",\"@id\":\"https:\\\/\\\/www.arb.ro\\\/#organization\",\"name\":\"Asocia\u021bia Rom\u00e2n\u0103 a B\u0103ncilor (ARB)\",\"url\":\"https:\\\/\\\/www.arb.ro\\\/\",\"logo\":{\"@type\":\"ImageObject\",\"inLanguage\":\"en-US\",\"@id\":\"https:\\\/\\\/www.arb.ro\\\/#\\\/schema\\\/logo\\\/image\\\/\",\"url\":\"https:\\\/\\\/www.arb.ro\\\/wp-content\\\/uploads\\\/ARB_35_TRANSPARENCY.png\",\"contentUrl\":\"https:\\\/\\\/www.arb.ro\\\/wp-content\\\/uploads\\\/ARB_35_TRANSPARENCY.png\",\"width\":1820,\"height\":1987,\"caption\":\"Asocia\u021bia Rom\u00e2n\u0103 a B\u0103ncilor (ARB)\"},\"image\":{\"@id\":\"https:\\\/\\\/www.arb.ro\\\/#\\\/schema\\\/logo\\\/image\\\/\"}},{\"@type\":\"Person\",\"@id\":\"https:\\\/\\\/www.arb.ro\\\/#\\\/schema\\\/person\\\/dee91fbc10f29d0338e589f6bc22010f\",\"name\":\"Julius\",\"image\":{\"@type\":\"ImageObject\",\"inLanguage\":\"en-US\",\"@id\":\"https:\\\/\\\/secure.gravatar.com\\\/avatar\\\/a150566e73bdc5dcfc20cd2566475302134db2bf8a825e694a349ea596e418c9?s=96&d=mm&r=g\",\"url\":\"https:\\\/\\\/secure.gravatar.com\\\/avatar\\\/a150566e73bdc5dcfc20cd2566475302134db2bf8a825e694a349ea596e418c9?s=96&d=mm&r=g\",\"contentUrl\":\"https:\\\/\\\/secure.gravatar.com\\\/avatar\\\/a150566e73bdc5dcfc20cd2566475302134db2bf8a825e694a349ea596e418c9?s=96&d=mm&r=g\",\"caption\":\"Julius\"},\"url\":\"https:\\\/\\\/www.arb.ro\\\/en\\\/author\\\/iulianr\\\/\"}]}<\/script>\n<!-- \/ Yoast SEO plugin. -->","yoast_head_json":{"title":"Populismul a refuzat deja Rom\u00e2niei un PIB cu peste o treime mai mare - Asocia\u021bia Rom\u00e2n\u0103 a B\u0103ncilor (ARB)","robots":{"index":"index","follow":"follow","max-snippet":"max-snippet:-1","max-image-preview":"max-image-preview:large","max-video-preview":"max-video-preview:-1"},"canonical":"https:\/\/www.arb.ro\/en\/populismul-a-refuzat-deja-romaniei-un-pib-cu-peste-o-treime-mai-mare\/","og_locale":"en_US","og_type":"article","og_title":"Populismul a refuzat deja Rom\u00e2niei un PIB cu peste o treime mai mare - Asocia\u021bia Rom\u00e2n\u0103 a B\u0103ncilor (ARB)","og_description":"Florin D\u0103nescu, Pre\u0219edinte Executiv, Interviu Piata Financiara - 7 august 2020","og_url":"https:\/\/www.arb.ro\/en\/populismul-a-refuzat-deja-romaniei-un-pib-cu-peste-o-treime-mai-mare\/","og_site_name":"Asocia\u021bia Rom\u00e2n\u0103 a B\u0103ncilor (ARB)","article_published_time":"2020-08-07T16:57:51+00:00","article_modified_time":"2024-01-20T10:23:41+00:00","og_image":[{"width":118,"height":118,"url":"https:\/\/www.arb.ro\/wp-content\/uploads\/florin-danescu42-6.jpg","type":"image\/jpeg"}],"author":"Julius","twitter_card":"summary_large_image","twitter_misc":{"Written by":"Julius","Est. reading time":"20 minutes"},"schema":{"@context":"https:\/\/schema.org","@graph":[{"@type":"Article","@id":"https:\/\/www.arb.ro\/en\/populismul-a-refuzat-deja-romaniei-un-pib-cu-peste-o-treime-mai-mare\/#article","isPartOf":{"@id":"https:\/\/www.arb.ro\/en\/populismul-a-refuzat-deja-romaniei-un-pib-cu-peste-o-treime-mai-mare\/"},"author":{"name":"Julius","@id":"https:\/\/www.arb.ro\/#\/schema\/person\/dee91fbc10f29d0338e589f6bc22010f"},"headline":"Populismul a refuzat deja Rom\u00e2niei un PIB cu peste o treime mai mare","datePublished":"2020-08-07T16:57:51+00:00","dateModified":"2024-01-20T10:23:41+00:00","mainEntityOfPage":{"@id":"https:\/\/www.arb.ro\/en\/populismul-a-refuzat-deja-romaniei-un-pib-cu-peste-o-treime-mai-mare\/"},"wordCount":4017,"publisher":{"@id":"https:\/\/www.arb.ro\/#organization"},"image":{"@id":"https:\/\/www.arb.ro\/en\/populismul-a-refuzat-deja-romaniei-un-pib-cu-peste-o-treime-mai-mare\/#primaryimage"},"thumbnailUrl":"https:\/\/www.arb.ro\/wp-content\/uploads\/florin-danescu42-6.jpg","articleSection":["Apari\u021bii media"],"inLanguage":"en-US"},{"@type":"WebPage","@id":"https:\/\/www.arb.ro\/en\/populismul-a-refuzat-deja-romaniei-un-pib-cu-peste-o-treime-mai-mare\/","url":"https:\/\/www.arb.ro\/en\/populismul-a-refuzat-deja-romaniei-un-pib-cu-peste-o-treime-mai-mare\/","name":"Populismul a refuzat deja Rom\u00e2niei un PIB cu peste o treime mai mare - Asocia\u021bia Rom\u00e2n\u0103 a B\u0103ncilor (ARB)","isPartOf":{"@id":"https:\/\/www.arb.ro\/#website"},"primaryImageOfPage":{"@id":"https:\/\/www.arb.ro\/en\/populismul-a-refuzat-deja-romaniei-un-pib-cu-peste-o-treime-mai-mare\/#primaryimage"},"image":{"@id":"https:\/\/www.arb.ro\/en\/populismul-a-refuzat-deja-romaniei-un-pib-cu-peste-o-treime-mai-mare\/#primaryimage"},"thumbnailUrl":"https:\/\/www.arb.ro\/wp-content\/uploads\/florin-danescu42-6.jpg","datePublished":"2020-08-07T16:57:51+00:00","dateModified":"2024-01-20T10:23:41+00:00","breadcrumb":{"@id":"https:\/\/www.arb.ro\/en\/populismul-a-refuzat-deja-romaniei-un-pib-cu-peste-o-treime-mai-mare\/#breadcrumb"},"inLanguage":"en-US","potentialAction":[{"@type":"ReadAction","target":["https:\/\/www.arb.ro\/en\/populismul-a-refuzat-deja-romaniei-un-pib-cu-peste-o-treime-mai-mare\/"]}]},{"@type":"ImageObject","inLanguage":"en-US","@id":"https:\/\/www.arb.ro\/en\/populismul-a-refuzat-deja-romaniei-un-pib-cu-peste-o-treime-mai-mare\/#primaryimage","url":"https:\/\/www.arb.ro\/wp-content\/uploads\/florin-danescu42-6.jpg","contentUrl":"https:\/\/www.arb.ro\/wp-content\/uploads\/florin-danescu42-6.jpg","width":118,"height":118},{"@type":"BreadcrumbList","@id":"https:\/\/www.arb.ro\/en\/populismul-a-refuzat-deja-romaniei-un-pib-cu-peste-o-treime-mai-mare\/#breadcrumb","itemListElement":[{"@type":"ListItem","position":1,"name":"Home","item":"https:\/\/www.arb.ro\/"},{"@type":"ListItem","position":2,"name":"Populismul a refuzat deja Rom\u00e2niei un PIB cu peste o treime mai mare"}]},{"@type":"WebSite","@id":"https:\/\/www.arb.ro\/#website","url":"https:\/\/www.arb.ro\/","name":"Asocia\u021bia Rom\u00e2n\u0103 a B\u0103ncilor (ARB)","description":"Romanian Association of Banks","publisher":{"@id":"https:\/\/www.arb.ro\/#organization"},"potentialAction":[{"@type":"SearchAction","target":{"@type":"EntryPoint","urlTemplate":"https:\/\/www.arb.ro\/?s={search_term_string}"},"query-input":{"@type":"PropertyValueSpecification","valueRequired":true,"valueName":"search_term_string"}}],"inLanguage":"en-US"},{"@type":"Organization","@id":"https:\/\/www.arb.ro\/#organization","name":"Asocia\u021bia Rom\u00e2n\u0103 a B\u0103ncilor (ARB)","url":"https:\/\/www.arb.ro\/","logo":{"@type":"ImageObject","inLanguage":"en-US","@id":"https:\/\/www.arb.ro\/#\/schema\/logo\/image\/","url":"https:\/\/www.arb.ro\/wp-content\/uploads\/ARB_35_TRANSPARENCY.png","contentUrl":"https:\/\/www.arb.ro\/wp-content\/uploads\/ARB_35_TRANSPARENCY.png","width":1820,"height":1987,"caption":"Asocia\u021bia Rom\u00e2n\u0103 a B\u0103ncilor (ARB)"},"image":{"@id":"https:\/\/www.arb.ro\/#\/schema\/logo\/image\/"}},{"@type":"Person","@id":"https:\/\/www.arb.ro\/#\/schema\/person\/dee91fbc10f29d0338e589f6bc22010f","name":"Julius","image":{"@type":"ImageObject","inLanguage":"en-US","@id":"https:\/\/secure.gravatar.com\/avatar\/a150566e73bdc5dcfc20cd2566475302134db2bf8a825e694a349ea596e418c9?s=96&d=mm&r=g","url":"https:\/\/secure.gravatar.com\/avatar\/a150566e73bdc5dcfc20cd2566475302134db2bf8a825e694a349ea596e418c9?s=96&d=mm&r=g","contentUrl":"https:\/\/secure.gravatar.com\/avatar\/a150566e73bdc5dcfc20cd2566475302134db2bf8a825e694a349ea596e418c9?s=96&d=mm&r=g","caption":"Julius"},"url":"https:\/\/www.arb.ro\/en\/author\/iulianr\/"}]}},"_links":{"self":[{"href":"https:\/\/www.arb.ro\/en\/wp-json\/wp\/v2\/posts\/1239207","targetHints":{"allow":["GET"]}}],"collection":[{"href":"https:\/\/www.arb.ro\/en\/wp-json\/wp\/v2\/posts"}],"about":[{"href":"https:\/\/www.arb.ro\/en\/wp-json\/wp\/v2\/types\/post"}],"author":[{"embeddable":true,"href":"https:\/\/www.arb.ro\/en\/wp-json\/wp\/v2\/users\/3"}],"replies":[{"embeddable":true,"href":"https:\/\/www.arb.ro\/en\/wp-json\/wp\/v2\/comments?post=1239207"}],"version-history":[{"count":0,"href":"https:\/\/www.arb.ro\/en\/wp-json\/wp\/v2\/posts\/1239207\/revisions"}],"wp:featuredmedia":[{"embeddable":true,"href":"https:\/\/www.arb.ro\/en\/wp-json\/wp\/v2\/media\/3014534"}],"wp:attachment":[{"href":"https:\/\/www.arb.ro\/en\/wp-json\/wp\/v2\/media?parent=1239207"}],"wp:term":[{"taxonomy":"category","embeddable":true,"href":"https:\/\/www.arb.ro\/en\/wp-json\/wp\/v2\/categories?post=1239207"},{"taxonomy":"post_tag","embeddable":true,"href":"https:\/\/www.arb.ro\/en\/wp-json\/wp\/v2\/tags?post=1239207"}],"curies":[{"name":"wp","href":"https:\/\/api.w.org\/{rel}","templated":true}]}}